{"id":2832,"date":"2015-06-01T09:39:47","date_gmt":"2015-06-01T09:39:47","guid":{"rendered":"http:\/\/www.svzweckel.de\/?p=2832"},"modified":"2015-06-01T16:01:20","modified_gmt":"2015-06-01T16:01:20","slug":"auswaertsfahrten-a-und-c-junioren-zur-aufstiegsrunde","status":"publish","type":"post","link":"https:\/\/www.svzweckel.de\/?p=2832","title":{"rendered":"Ausw\u00e4rtsfahrten A- und C-Junioren zur Aufstiegsrunde!"},"content":{"rendered":"<div>\n<div>\n<div><u><strong>A-Jugend Ausw\u00e4rtsfahrten Aufstiegsrunde<\/strong><\/u><\/div>\n<div><\/div>\n<div><\/div>\n<div>10.06.2015 19:00 Uhr <strong>Abfahrt: 16:30 Uhr<\/strong><br \/>\n<em>SF S\u00fcmmern<\/em><br \/>\nKunstrasenplatz, PratoBelli Cantuccini Arena, Bixterhauser Hellweg 3, 58640 Iserlohn<\/div>\n<div><\/div>\n<div><\/div>\n<div>14.06.2015 11:00 Uhr <strong>Abfahrt: 08:30 Uhr<\/strong><br \/>\n<em>TSG Herdecke<\/em><br \/>\nKunstrasenplatz, Herdecke Bleichstein KP, Bleichstein, 58313 Herdecke<\/div>\n<div><\/div>\n<\/div>\n<div><\/div>\n<div>\n<div><u><strong>C-Junioren Ausw\u00e4rtsfahrten Aufstiegsrunde<\/strong><\/u><\/div>\n<div><\/div>\n<div><\/div>\n<div>09.06.2015 19:00 Uhr <strong>Abfahrt: 17:00 Uhr<\/strong><br \/>\n<em>SpVg BG Schwerin<\/em><br \/>\nKunstrasenplatz, Sportanlage Grafweg, Grafweg, 44577 Castrop-Rauxel<\/div>\n<div><\/div>\n<div><\/div>\n<div>20.06.2015 15:00 Uhr <strong>Abfahrt: 12:30 Uhr<\/strong><br \/>\n<em>SpVg. Hagen 1911<\/em><br \/>\nKunstrasenplatz, Bezirkssportanlage Emst KP, Ha\u00dfleyer Str. 55, 58093 Hagen<\/div>\n<div><\/div>\n<\/div>\n<\/div>\n<div><\/div>\n<div><\/div>\n<div>Die Karten f\u00fcr die Buspl\u00e4tze sind im Jugendb\u00fcro beim Jugendleiter, Mike Theis, zum Preis von 10\u20ac zu erhalten.<\/div>\n<div>Es sind pro Bus ca. 25 Pl\u00e4tze frei die an die Schnellsten vergeben werden.<\/div>\n<div><\/div>\n<blockquote>\n<div><strong>Bitte fr\u00fchzeitig reservieren um die Kapazit\u00e4ten optimal zu nutzen und eventuell mit einem weiteren Bus zu reagieren.<\/strong><\/div>\n<\/blockquote>\n","protected":false},"excerpt":{"rendered":"<p>A-Jugend Ausw\u00e4rtsfahrten Aufstiegsrunde 10.06.2015 19:00 Uhr Abfahrt: 16:30 Uhr SF S\u00fcmmern Kunstrasenplatz, PratoBelli Cantuccini Arena, Bixterhauser Hellweg 3, 58640 Iserlohn 14.06.2015 11:00 Uhr Abfahrt: 08:30 Uhr TSG Herdecke Kunstrasenplatz, Herdecke Bleichstein KP, Bleichstein, 58313 Herdecke C-Junioren Ausw\u00e4rtsfahrten Aufstiegsrunde 09.06.2015 19:00 Uhr Abfahrt: 17:00 Uhr SpVg BG Schwerin Kunstrasenplatz, Sportanlage Grafweg, Grafweg, 44577 Castrop-Rauxel 20.06.2015 15:00 [&hellip;]<\/p>\n","protected":false},"author":3,"featured_media":0,"comment_status":"open","ping_status":"open","sticky":false,"template":"","format":"standard","meta":{"_jetpack_memberships_contains_paid_content":false,"footnotes":"","jetpack_publicize_message":"","jetpack_publicize_feature_enabled":true,"jetpack_social_post_already_shared":false,"jetpack_social_options":{"image_generator_settings":{"template":"highway","default_image_id":0,"font":"","enabled":false},"version":2}},"categories":[26,3,28,10],"tags":[],"class_list":["post-2832","post","type-post","status-publish","format-standard","hentry","category-a-junioren","category-allgemein","category-c-junioren","category-nachwuchs"],"jetpack_publicize_connections":[],"jetpack_featured_media_url":"","jetpack_sharing_enabled":true,"_links":{"self":[{"href":"https:\/\/www.svzweckel.de\/index.php?rest_route=\/wp\/v2\/posts\/2832","targetHints":{"allow":["GET"]}}],"collection":[{"href":"https:\/\/www.svzweckel.de\/index.php?rest_route=\/wp\/v2\/posts"}],"about":[{"href":"https:\/\/www.svzweckel.de\/index.php?rest_route=\/wp\/v2\/types\/post"}],"author":[{"embeddable":true,"href":"https:\/\/www.svzweckel.de\/index.php?rest_route=\/wp\/v2\/users\/3"}],"replies":[{"embeddable":true,"href":"https:\/\/www.svzweckel.de\/index.php?rest_route=%2Fwp%2Fv2%2Fcomments&post=2832"}],"version-history":[{"count":0,"href":"https:\/\/www.svzweckel.de\/index.php?rest_route=\/wp\/v2\/posts\/2832\/revisions"}],"wp:attachment":[{"href":"https:\/\/www.svzweckel.de\/index.php?rest_route=%2Fwp%2Fv2%2Fmedia&parent=2832"}],"wp:term":[{"taxonomy":"category","embeddable":true,"href":"https:\/\/www.svzweckel.de\/index.php?rest_route=%2Fwp%2Fv2%2Fcategories&post=2832"},{"taxonomy":"post_tag","embeddable":true,"href":"https:\/\/www.svzweckel.de\/index.php?rest_route=%2Fwp%2Fv2%2Ftags&post=2832"}],"curies":[{"name":"wp","href":"https:\/\/api.w.org\/{rel}","templated":true}]}}