{"id":2852,"date":"2015-06-04T09:31:22","date_gmt":"2015-06-04T09:31:22","guid":{"rendered":"http:\/\/www.svzweckel.de\/?p=2852"},"modified":"2015-06-04T09:31:22","modified_gmt":"2015-06-04T09:31:22","slug":"zweckler-e-junioren-sind-kreispokalsieger","status":"publish","type":"post","link":"https:\/\/www.svzweckel.de\/?p=2852","title":{"rendered":"Zweckler E-Junioren sind Kreispokalsieger!"},"content":{"rendered":"<p>Am 03.06.2015 um 18:00 Uhr spielte unser 2004er Jahrgang, in Buer gegen den VFB Kirchhellen um den Kreispokal. Von Beginn an lie\u00dfen die Gr\u00fcnhemden keinen Zweifel \u00fcber den Sieger der Partie zu. Sie spielten hoch kenzentriert und zeigten tollen Fu\u00dfball. Durch Tore von Lenny Theis, Fabian Anlauf und Burak G\u00fcnes ging es mit einem komfortablen 3:0 Vorsprung in die Halbzeitpause. Nach der Pause konnte unser Team noch 5 weitere, sch\u00f6ne Tore erziehlen. Lenny Theis, Kevin Kanke, Sergen Yalcin, Malte Kulmer und Fabian Anlauf stellten den 8:0 Endstand her. <a href=\"https:\/\/i0.wp.com\/www.svzweckel.de\/wp-content\/uploads\/2015\/06\/11393700_511266262373176_5705629081281418095_o.jpg?ssl=1\"><img data-recalc-dims=\"1\" loading=\"lazy\" decoding=\"async\" class=\" size-medium wp-image-2856 aligncenter\" src=\"https:\/\/i0.wp.com\/www.svzweckel.de\/wp-content\/uploads\/2015\/06\/11393700_511266262373176_5705629081281418095_o.jpg?resize=300%2C168&#038;ssl=1\" alt=\"11393700_511266262373176_5705629081281418095_o\" width=\"300\" height=\"168\" srcset=\"https:\/\/i0.wp.com\/www.svzweckel.de\/wp-content\/uploads\/2015\/06\/11393700_511266262373176_5705629081281418095_o.jpg?resize=300%2C168&amp;ssl=1 300w, https:\/\/i0.wp.com\/www.svzweckel.de\/wp-content\/uploads\/2015\/06\/11393700_511266262373176_5705629081281418095_o.jpg?resize=1024%2C575&amp;ssl=1 1024w, https:\/\/i0.wp.com\/www.svzweckel.de\/wp-content\/uploads\/2015\/06\/11393700_511266262373176_5705629081281418095_o.jpg?resize=640%2C360&amp;ssl=1 640w, https:\/\/i0.wp.com\/www.svzweckel.de\/wp-content\/uploads\/2015\/06\/11393700_511266262373176_5705629081281418095_o.jpg?resize=150%2C84&amp;ssl=1 150w, https:\/\/i0.wp.com\/www.svzweckel.de\/wp-content\/uploads\/2015\/06\/11393700_511266262373176_5705629081281418095_o.jpg?resize=100%2C56&amp;ssl=1 100w, https:\/\/i0.wp.com\/www.svzweckel.de\/wp-content\/uploads\/2015\/06\/11393700_511266262373176_5705629081281418095_o.jpg?resize=50%2C28&amp;ssl=1 50w, https:\/\/i0.wp.com\/www.svzweckel.de\/wp-content\/uploads\/2015\/06\/11393700_511266262373176_5705629081281418095_o.jpg?resize=25%2C14&amp;ssl=1 25w, https:\/\/i0.wp.com\/www.svzweckel.de\/wp-content\/uploads\/2015\/06\/11393700_511266262373176_5705629081281418095_o.jpg?resize=570%2C320&amp;ssl=1 570w, https:\/\/i0.wp.com\/www.svzweckel.de\/wp-content\/uploads\/2015\/06\/11393700_511266262373176_5705629081281418095_o.jpg?resize=160%2C90&amp;ssl=1 160w, https:\/\/i0.wp.com\/www.svzweckel.de\/wp-content\/uploads\/2015\/06\/11393700_511266262373176_5705629081281418095_o.jpg?w=800&amp;ssl=1 800w\" sizes=\"auto, (max-width: 300px) 100vw, 300px\" \/><\/a><\/p>\n<p>Herzlichen Gl\u00fcckwunsch an die Trainer Maurice Ogaza, Marcel Ofiera, Ralf Halac, Steven Marckowiak und das Team.<a href=\"https:\/\/i0.wp.com\/www.svzweckel.de\/wp-content\/uploads\/2015\/06\/11411605_511266279039841_7431028712574367306_o.jpg?ssl=1\"><img data-recalc-dims=\"1\" loading=\"lazy\" decoding=\"async\" class=\" size-medium wp-image-2859 aligncenter\" src=\"https:\/\/i0.wp.com\/www.svzweckel.de\/wp-content\/uploads\/2015\/06\/11411605_511266279039841_7431028712574367306_o.jpg?resize=169%2C300&#038;ssl=1\" alt=\"11411605_511266279039841_7431028712574367306_o\" width=\"169\" height=\"300\" srcset=\"https:\/\/i0.wp.com\/www.svzweckel.de\/wp-content\/uploads\/2015\/06\/11411605_511266279039841_7431028712574367306_o.jpg?resize=169%2C300&amp;ssl=1 169w, https:\/\/i0.wp.com\/www.svzweckel.de\/wp-content\/uploads\/2015\/06\/11411605_511266279039841_7431028712574367306_o.jpg?resize=576%2C1024&amp;ssl=1 576w, https:\/\/i0.wp.com\/www.svzweckel.de\/wp-content\/uploads\/2015\/06\/11411605_511266279039841_7431028712574367306_o.jpg?resize=150%2C267&amp;ssl=1 150w, https:\/\/i0.wp.com\/www.svzweckel.de\/wp-content\/uploads\/2015\/06\/11411605_511266279039841_7431028712574367306_o.jpg?resize=56%2C100&amp;ssl=1 56w, https:\/\/i0.wp.com\/www.svzweckel.de\/wp-content\/uploads\/2015\/06\/11411605_511266279039841_7431028712574367306_o.jpg?resize=28%2C50&amp;ssl=1 28w, https:\/\/i0.wp.com\/www.svzweckel.de\/wp-content\/uploads\/2015\/06\/11411605_511266279039841_7431028712574367306_o.jpg?resize=14%2C25&amp;ssl=1 14w, https:\/\/i0.wp.com\/www.svzweckel.de\/wp-content\/uploads\/2015\/06\/11411605_511266279039841_7431028712574367306_o.jpg?resize=180%2C320&amp;ssl=1 180w, https:\/\/i0.wp.com\/www.svzweckel.de\/wp-content\/uploads\/2015\/06\/11411605_511266279039841_7431028712574367306_o.jpg?resize=68%2C120&amp;ssl=1 68w, https:\/\/i0.wp.com\/www.svzweckel.de\/wp-content\/uploads\/2015\/06\/11411605_511266279039841_7431028712574367306_o.jpg?w=338&amp;ssl=1 338w\" sizes=\"auto, (max-width: 169px) 100vw, 169px\" \/><\/a><\/p>\n<p>Es spielten:<\/p>\n<p>Josefine Osigus<\/p>\n<p>Burak G\u00fcnes<\/p>\n<p>Henrik Dier<\/p>\n<p>Lenny Theis<\/p>\n<p>Malte Kulmer<\/p>\n<p>Fabian Anlauf<\/p>\n<p>Mads Liedmeier<\/p>\n<p>Julian Twardowski<\/p>\n<p>Efekan Kara<\/p>\n<p>Kevin Kanke<\/p>\n<p>Sergen Yalcin<\/p>\n<p><a href=\"https:\/\/i0.wp.com\/www.svzweckel.de\/wp-content\/uploads\/2015\/06\/11312671_511266222373180_1794053309906801348_o.jpg?ssl=1\"><img data-recalc-dims=\"1\" loading=\"lazy\" decoding=\"async\" class=\"alignnone size-medium wp-image-2854\" src=\"https:\/\/i0.wp.com\/www.svzweckel.de\/wp-content\/uploads\/2015\/06\/11312671_511266222373180_1794053309906801348_o.jpg?resize=168%2C300&#038;ssl=1\" alt=\"11312671_511266222373180_1794053309906801348_o\" width=\"168\" height=\"300\" srcset=\"https:\/\/i0.wp.com\/www.svzweckel.de\/wp-content\/uploads\/2015\/06\/11312671_511266222373180_1794053309906801348_o.jpg?resize=168%2C300&amp;ssl=1 168w, https:\/\/i0.wp.com\/www.svzweckel.de\/wp-content\/uploads\/2015\/06\/11312671_511266222373180_1794053309906801348_o.jpg?resize=575%2C1024&amp;ssl=1 575w, https:\/\/i0.wp.com\/www.svzweckel.de\/wp-content\/uploads\/2015\/06\/11312671_511266222373180_1794053309906801348_o.jpg?resize=150%2C267&amp;ssl=1 150w, https:\/\/i0.wp.com\/www.svzweckel.de\/wp-content\/uploads\/2015\/06\/11312671_511266222373180_1794053309906801348_o.jpg?resize=56%2C100&amp;ssl=1 56w, https:\/\/i0.wp.com\/www.svzweckel.de\/wp-content\/uploads\/2015\/06\/11312671_511266222373180_1794053309906801348_o.jpg?resize=28%2C50&amp;ssl=1 28w, https:\/\/i0.wp.com\/www.svzweckel.de\/wp-content\/uploads\/2015\/06\/11312671_511266222373180_1794053309906801348_o.jpg?resize=14%2C25&amp;ssl=1 14w, https:\/\/i0.wp.com\/www.svzweckel.de\/wp-content\/uploads\/2015\/06\/11312671_511266222373180_1794053309906801348_o.jpg?resize=180%2C320&amp;ssl=1 180w, https:\/\/i0.wp.com\/www.svzweckel.de\/wp-content\/uploads\/2015\/06\/11312671_511266222373180_1794053309906801348_o.jpg?resize=67%2C120&amp;ssl=1 67w, https:\/\/i0.wp.com\/www.svzweckel.de\/wp-content\/uploads\/2015\/06\/11312671_511266222373180_1794053309906801348_o.jpg?w=337&amp;ssl=1 337w\" sizes=\"auto, (max-width: 168px) 100vw, 168px\" \/><\/a><a href=\"https:\/\/i0.wp.com\/www.svzweckel.de\/wp-content\/uploads\/2015\/06\/11406728_511266242373178_5954249374762834451_o.jpg?ssl=1\"><img data-recalc-dims=\"1\" loading=\"lazy\" decoding=\"async\" class=\"alignnone size-medium wp-image-2858\" src=\"https:\/\/i0.wp.com\/www.svzweckel.de\/wp-content\/uploads\/2015\/06\/11406728_511266242373178_5954249374762834451_o.jpg?resize=168%2C300&#038;ssl=1\" alt=\"11406728_511266242373178_5954249374762834451_o\" width=\"168\" height=\"300\" srcset=\"https:\/\/i0.wp.com\/www.svzweckel.de\/wp-content\/uploads\/2015\/06\/11406728_511266242373178_5954249374762834451_o.jpg?resize=168%2C300&amp;ssl=1 168w, https:\/\/i0.wp.com\/www.svzweckel.de\/wp-content\/uploads\/2015\/06\/11406728_511266242373178_5954249374762834451_o.jpg?resize=575%2C1024&amp;ssl=1 575w, https:\/\/i0.wp.com\/www.svzweckel.de\/wp-content\/uploads\/2015\/06\/11406728_511266242373178_5954249374762834451_o.jpg?resize=150%2C267&amp;ssl=1 150w, https:\/\/i0.wp.com\/www.svzweckel.de\/wp-content\/uploads\/2015\/06\/11406728_511266242373178_5954249374762834451_o.jpg?resize=56%2C100&amp;ssl=1 56w, https:\/\/i0.wp.com\/www.svzweckel.de\/wp-content\/uploads\/2015\/06\/11406728_511266242373178_5954249374762834451_o.jpg?resize=28%2C50&amp;ssl=1 28w, https:\/\/i0.wp.com\/www.svzweckel.de\/wp-content\/uploads\/2015\/06\/11406728_511266242373178_5954249374762834451_o.jpg?resize=14%2C25&amp;ssl=1 14w, https:\/\/i0.wp.com\/www.svzweckel.de\/wp-content\/uploads\/2015\/06\/11406728_511266242373178_5954249374762834451_o.jpg?resize=180%2C320&amp;ssl=1 180w, https:\/\/i0.wp.com\/www.svzweckel.de\/wp-content\/uploads\/2015\/06\/11406728_511266242373178_5954249374762834451_o.jpg?resize=67%2C120&amp;ssl=1 67w, https:\/\/i0.wp.com\/www.svzweckel.de\/wp-content\/uploads\/2015\/06\/11406728_511266242373178_5954249374762834451_o.jpg?w=337&amp;ssl=1 337w\" sizes=\"auto, (max-width: 168px) 100vw, 168px\" \/><\/a><a href=\"https:\/\/i0.wp.com\/www.svzweckel.de\/wp-content\/uploads\/2015\/06\/11402895_511266142373188_4204670396979823741_o.jpg?ssl=1\"><img data-recalc-dims=\"1\" loading=\"lazy\" decoding=\"async\" class=\"alignnone size-medium wp-image-2857\" src=\"https:\/\/i0.wp.com\/www.svzweckel.de\/wp-content\/uploads\/2015\/06\/11402895_511266142373188_4204670396979823741_o.jpg?resize=168%2C300&#038;ssl=1\" alt=\"11402895_511266142373188_4204670396979823741_o\" width=\"168\" height=\"300\" srcset=\"https:\/\/i0.wp.com\/www.svzweckel.de\/wp-content\/uploads\/2015\/06\/11402895_511266142373188_4204670396979823741_o.jpg?resize=168%2C300&amp;ssl=1 168w, https:\/\/i0.wp.com\/www.svzweckel.de\/wp-content\/uploads\/2015\/06\/11402895_511266142373188_4204670396979823741_o.jpg?resize=575%2C1024&amp;ssl=1 575w, https:\/\/i0.wp.com\/www.svzweckel.de\/wp-content\/uploads\/2015\/06\/11402895_511266142373188_4204670396979823741_o.jpg?resize=150%2C267&amp;ssl=1 150w, https:\/\/i0.wp.com\/www.svzweckel.de\/wp-content\/uploads\/2015\/06\/11402895_511266142373188_4204670396979823741_o.jpg?resize=56%2C100&amp;ssl=1 56w, https:\/\/i0.wp.com\/www.svzweckel.de\/wp-content\/uploads\/2015\/06\/11402895_511266142373188_4204670396979823741_o.jpg?resize=28%2C50&amp;ssl=1 28w, https:\/\/i0.wp.com\/www.svzweckel.de\/wp-content\/uploads\/2015\/06\/11402895_511266142373188_4204670396979823741_o.jpg?resize=14%2C25&amp;ssl=1 14w, https:\/\/i0.wp.com\/www.svzweckel.de\/wp-content\/uploads\/2015\/06\/11402895_511266142373188_4204670396979823741_o.jpg?resize=180%2C320&amp;ssl=1 180w, https:\/\/i0.wp.com\/www.svzweckel.de\/wp-content\/uploads\/2015\/06\/11402895_511266142373188_4204670396979823741_o.jpg?resize=67%2C120&amp;ssl=1 67w, https:\/\/i0.wp.com\/www.svzweckel.de\/wp-content\/uploads\/2015\/06\/11402895_511266142373188_4204670396979823741_o.jpg?w=337&amp;ssl=1 337w\" sizes=\"auto, (max-width: 168px) 100vw, 168px\" \/><\/a><a href=\"https:\/\/i0.wp.com\/www.svzweckel.de\/wp-content\/uploads\/2015\/06\/11393327_511266299039839_1218583285997037576_o.jpg?ssl=1\"><img data-recalc-dims=\"1\" loading=\"lazy\" decoding=\"async\" class=\"alignnone size-medium wp-image-2855\" src=\"https:\/\/i0.wp.com\/www.svzweckel.de\/wp-content\/uploads\/2015\/06\/11393327_511266299039839_1218583285997037576_o.jpg?resize=168%2C300&#038;ssl=1\" alt=\"11393327_511266299039839_1218583285997037576_o\" width=\"168\" height=\"300\" srcset=\"https:\/\/i0.wp.com\/www.svzweckel.de\/wp-content\/uploads\/2015\/06\/11393327_511266299039839_1218583285997037576_o.jpg?resize=168%2C300&amp;ssl=1 168w, https:\/\/i0.wp.com\/www.svzweckel.de\/wp-content\/uploads\/2015\/06\/11393327_511266299039839_1218583285997037576_o.jpg?resize=575%2C1024&amp;ssl=1 575w, https:\/\/i0.wp.com\/www.svzweckel.de\/wp-content\/uploads\/2015\/06\/11393327_511266299039839_1218583285997037576_o.jpg?resize=150%2C267&amp;ssl=1 150w, https:\/\/i0.wp.com\/www.svzweckel.de\/wp-content\/uploads\/2015\/06\/11393327_511266299039839_1218583285997037576_o.jpg?resize=56%2C100&amp;ssl=1 56w, https:\/\/i0.wp.com\/www.svzweckel.de\/wp-content\/uploads\/2015\/06\/11393327_511266299039839_1218583285997037576_o.jpg?resize=28%2C50&amp;ssl=1 28w, https:\/\/i0.wp.com\/www.svzweckel.de\/wp-content\/uploads\/2015\/06\/11393327_511266299039839_1218583285997037576_o.jpg?resize=14%2C25&amp;ssl=1 14w, https:\/\/i0.wp.com\/www.svzweckel.de\/wp-content\/uploads\/2015\/06\/11393327_511266299039839_1218583285997037576_o.jpg?resize=180%2C320&amp;ssl=1 180w, https:\/\/i0.wp.com\/www.svzweckel.de\/wp-content\/uploads\/2015\/06\/11393327_511266299039839_1218583285997037576_o.jpg?resize=67%2C120&amp;ssl=1 67w, https:\/\/i0.wp.com\/www.svzweckel.de\/wp-content\/uploads\/2015\/06\/11393327_511266299039839_1218583285997037576_o.jpg?w=337&amp;ssl=1 337w\" sizes=\"auto, (max-width: 168px) 100vw, 168px\" \/><\/a><\/p>\n","protected":false},"excerpt":{"rendered":"<p>Am 03.06.2015 um 18:00 Uhr spielte unser 2004er Jahrgang, in Buer gegen den VFB Kirchhellen um den Kreispokal. Von Beginn an lie\u00dfen die Gr\u00fcnhemden keinen Zweifel \u00fcber den Sieger der Partie zu. Sie spielten hoch kenzentriert und zeigten tollen Fu\u00dfball. Durch Tore von Lenny Theis, Fabian Anlauf und Burak G\u00fcnes ging es mit einem komfortablen [&hellip;]<\/p>\n","protected":false},"author":3,"featured_media":2853,"comment_status":"open","ping_status":"open","sticky":false,"template":"","format":"standard","meta":{"_jetpack_memberships_contains_paid_content":false,"footnotes":"","jetpack_publicize_message":"","jetpack_publicize_feature_enabled":true,"jetpack_social_post_already_shared":false,"jetpack_social_options":{"image_generator_settings":{"template":"highway","default_image_id":0,"font":"","enabled":false},"version":2}},"categories":[3,30,10],"tags":[],"class_list":["post-2852","post","type-post","status-publish","format-standard","has-post-thumbnail","hentry","category-allgemein","category-e-junioren","category-nachwuchs"],"jetpack_publicize_connections":[],"jetpack_featured_media_url":"https:\/\/i0.wp.com\/www.svzweckel.de\/wp-content\/uploads\/2015\/06\/11270454_511266109039858_6274371228487443346_o.jpg?fit=800%2C449&ssl=1","jetpack_sharing_enabled":true,"_links":{"self":[{"href":"https:\/\/www.svzweckel.de\/index.php?rest_route=\/wp\/v2\/posts\/2852","targetHints":{"allow":["GET"]}}],"collection":[{"href":"https:\/\/www.svzweckel.de\/index.php?rest_route=\/wp\/v2\/posts"}],"about":[{"href":"https:\/\/www.svzweckel.de\/index.php?rest_route=\/wp\/v2\/types\/post"}],"author":[{"embeddable":true,"href":"https:\/\/www.svzweckel.de\/index.php?rest_route=\/wp\/v2\/users\/3"}],"replies":[{"embeddable":true,"href":"https:\/\/www.svzweckel.de\/index.php?rest_route=%2Fwp%2Fv2%2Fcomments&post=2852"}],"version-history":[{"count":0,"href":"https:\/\/www.svzweckel.de\/index.php?rest_route=\/wp\/v2\/posts\/2852\/revisions"}],"wp:featuredmedia":[{"embeddable":true,"href":"https:\/\/www.svzweckel.de\/index.php?rest_route=\/wp\/v2\/media\/2853"}],"wp:attachment":[{"href":"https:\/\/www.svzweckel.de\/index.php?rest_route=%2Fwp%2Fv2%2Fmedia&parent=2852"}],"wp:term":[{"taxonomy":"category","embeddable":true,"href":"https:\/\/www.svzweckel.de\/index.php?rest_route=%2Fwp%2Fv2%2Fcategories&post=2852"},{"taxonomy":"post_tag","embeddable":true,"href":"https:\/\/www.svzweckel.de\/index.php?rest_route=%2Fwp%2Fv2%2Ftags&post=2852"}],"curies":[{"name":"wp","href":"https:\/\/api.w.org\/{rel}","templated":true}]}}