{"id":2876,"date":"2015-06-06T15:11:51","date_gmt":"2015-06-06T15:11:51","guid":{"rendered":"http:\/\/www.svzweckel.de\/?p=2876"},"modified":"2015-06-08T12:58:07","modified_gmt":"2015-06-08T12:58:07","slug":"ungluecklicher-auftak-in-der-aufstiegsrunde-der-c-junioren","status":"publish","type":"post","link":"https:\/\/www.svzweckel.de\/?p=2876","title":{"rendered":"Ungl\u00fccklicher Auftakt in der Aufstiegsrunde der C-Junioren"},"content":{"rendered":"<p><strong>SV Zweckel &#8211; Menden United 0:1 (0:1)<\/strong><\/p>\n<p>Der Auftakt in der Aufstiegsrunder der C-Junioren ist misslungen, denn der SV Zweckel startete mit einer \u00e4u\u00dferst ungl\u00fccklichen Niederlage.<br \/>\nDer Gast aus Menden, der immerhin mit einem Torverh\u00e4ltnich von 194:5 Meister geworden ist, hatte in der gesamten Spielzeit keine echte Torchance und gewann trotzdem mit 0:1. Das lag insbesondere daran, dass die Gastgeber selbst f\u00fcr den einzigen Treffer verantwortlich zeichneten. Ein Freisto\u00df der G\u00e4ste wurde lang in den F\u00fcnfmeterraum der Zweckeler getreten und fiel Patryk Rejak so ungl\u00fccklich vor die F\u00fc\u00dfe, dass der Ball vom Schienbein ins Tor trudelte. Diesem Eigentor waren jedoch drei tolle Torchancen der Gastgeber vorangegangen, die jedoch str\u00e4flich vergeben wurden.<br \/>\nIn der zweiten Halbzeit dominierten die Zweckeler zwar weiter das Geschehen, konnten jedoch aus ihrer \u00dcberlegenheit und den sich bietenden Chancen kein Kapital schlagen. Entweder zielten die Zweckeler zu ungenau oder sie scheiterten dreimal am \u00fcberragend agierenden Mendener Torh\u00fcter, der mit gl\u00e4nzenden Paraden den Ausgleich verhinderte.<br \/>\nDie G\u00e4ste zeigten den Zweckelern allerdings auf, wie ein Team solch ein Ergebnis auch nach Hause bringen kann: Mit Kampf, Leidenschaft und Laufbereitschaft warfen sich die G\u00e4ste in jeden Ball und machten dem SV Zweckel das Leben so schwer, dass es nicht mehr zum Ausgleich reichte.<\/p>\n<p>SV Zweckel:<br \/>\nLennert Heyer, Alexander No\u00df, Louis Giermann, David Beltz, Patryk Rejak, Pascal Lobitz, Timon Reschke, Robin Karsten, Louis Budzyk (36. Minute Luca Brockmann), Dominik Pereira, Christian Wloch (47. Tarik Khodr)<\/p>\n<p>Vor dem n\u00e4chsten Ausw\u00e4rtsspiei in Schwerin sind die Vorzeichen klar. Der SV Zweckel muss gewinnen, um im Aufstiegsrennen noch eine Chance zu haben. Wenn die Mannschaft sich als Team pr\u00e4sentiert, in dem einer f\u00fcr den anderen k\u00e4mpft, sollte das kein unm\u00f6gliches Unterfangen sein.<\/p>\n","protected":false},"excerpt":{"rendered":"<p>SV Zweckel &#8211; Menden United 0:1 (0:1) Der Auftakt in der Aufstiegsrunder der C-Junioren ist misslungen, denn der SV Zweckel startete mit einer \u00e4u\u00dferst ungl\u00fccklichen Niederlage. Der Gast aus Menden, der immerhin mit einem Torverh\u00e4ltnich von 194:5 Meister geworden ist, hatte in der gesamten Spielzeit keine echte Torchance und gewann trotzdem mit 0:1. Das lag [&hellip;]<\/p>\n","protected":false},"author":3,"featured_media":2881,"comment_status":"open","ping_status":"open","sticky":false,"template":"","format":"standard","meta":{"_jetpack_memberships_contains_paid_content":false,"footnotes":"","jetpack_publicize_message":"","jetpack_publicize_feature_enabled":true,"jetpack_social_post_already_shared":false,"jetpack_social_options":{"image_generator_settings":{"template":"highway","default_image_id":0,"font":"","enabled":false},"version":2}},"categories":[28],"tags":[],"class_list":["post-2876","post","type-post","status-publish","format-standard","has-post-thumbnail","hentry","category-c-junioren"],"jetpack_publicize_connections":[],"jetpack_featured_media_url":"https:\/\/i0.wp.com\/www.svzweckel.de\/wp-content\/uploads\/2015\/06\/DSCN0573.jpg?fit=800%2C600&ssl=1","jetpack_sharing_enabled":true,"_links":{"self":[{"href":"https:\/\/www.svzweckel.de\/index.php?rest_route=\/wp\/v2\/posts\/2876","targetHints":{"allow":["GET"]}}],"collection":[{"href":"https:\/\/www.svzweckel.de\/index.php?rest_route=\/wp\/v2\/posts"}],"about":[{"href":"https:\/\/www.svzweckel.de\/index.php?rest_route=\/wp\/v2\/types\/post"}],"author":[{"embeddable":true,"href":"https:\/\/www.svzweckel.de\/index.php?rest_route=\/wp\/v2\/users\/3"}],"replies":[{"embeddable":true,"href":"https:\/\/www.svzweckel.de\/index.php?rest_route=%2Fwp%2Fv2%2Fcomments&post=2876"}],"version-history":[{"count":0,"href":"https:\/\/www.svzweckel.de\/index.php?rest_route=\/wp\/v2\/posts\/2876\/revisions"}],"wp:featuredmedia":[{"embeddable":true,"href":"https:\/\/www.svzweckel.de\/index.php?rest_route=\/wp\/v2\/media\/2881"}],"wp:attachment":[{"href":"https:\/\/www.svzweckel.de\/index.php?rest_route=%2Fwp%2Fv2%2Fmedia&parent=2876"}],"wp:term":[{"taxonomy":"category","embeddable":true,"href":"https:\/\/www.svzweckel.de\/index.php?rest_route=%2Fwp%2Fv2%2Fcategories&post=2876"},{"taxonomy":"post_tag","embeddable":true,"href":"https:\/\/www.svzweckel.de\/index.php?rest_route=%2Fwp%2Fv2%2Ftags&post=2876"}],"curies":[{"name":"wp","href":"https:\/\/api.w.org\/{rel}","templated":true}]}}