{"id":2883,"date":"2015-06-06T18:56:53","date_gmt":"2015-06-06T18:56:53","guid":{"rendered":"http:\/\/www.svzweckel.de\/?p=2883"},"modified":"2015-06-07T07:43:51","modified_gmt":"2015-06-07T07:43:51","slug":"zweckler-a-jugend-mit-gutem-start","status":"publish","type":"post","link":"https:\/\/www.svzweckel.de\/?p=2883","title":{"rendered":"Zweckler A-Jugend mit gutem Start!"},"content":{"rendered":"<p>Die G\u00e4ste aus dem Hammer-Kreis reisten mit ca. 150 Zuschauern an. Diese sorgten das ganze Spiel \u00fcber f\u00fcr eine ungewohnte Stimmung im &#8222;K\u00e4fig&#8220;. In einem schnellen und guten Spiel am Samstag Abend sammelte der \u00e4lteste Zweckler Nachwuchs die ersten drei Punkte ein. In der hart gef\u00fchrten Partie gelang Lukas Tomanek das 1:0 noch vor der Halbzeit. In der zweiten Halbzeit spielten die G\u00e4ste von TuS 46\/68 Uentrop herzhaft \u00a0nach vorne. Ihnen gelang es aber nicht eine richtige Torchance herauszuspielen,\u00a0was der stabilen Defensive der Gr\u00fcnhemden zu verdanken war. Das 2:0 fiel in der Mitte der zweiten H\u00e4lfte. Torsch\u00fctze abermals Lukas Tomanek. Ein Spielzug der G\u00e4ste wurde nochmal gef\u00e4hrlich, der Lupfer wurde jedoch \u00fcberragend von Schlu\u00dfmann Dominik Bicker entsch\u00e4rft.<\/p>\n<p>Das Zweckler-Trainergespann ist mit der k\u00e4mpferischen Leistung zufrieden. Am Montag beginnt dann direkt die Vorbereitung auf das Mittwochspiel am 10.06.2015 bei SF S\u00fcmmern. Ansto\u00df hier ist 19:00 Uhr.<\/p>\n<p>Es sind noch Buspl\u00e4tze f\u00fcr Fans frei. Karten gibts im Jugendb\u00fcro bei Jugendleiter Mike Theis.<\/p>\n<p>Weiter so Jungs!!!!!<\/p>\n","protected":false},"excerpt":{"rendered":"<p>Die G\u00e4ste aus dem Hammer-Kreis reisten mit ca. 150 Zuschauern an. Diese sorgten das ganze Spiel \u00fcber f\u00fcr eine ungewohnte Stimmung im &#8222;K\u00e4fig&#8220;. In einem schnellen und guten Spiel am Samstag Abend sammelte der \u00e4lteste Zweckler Nachwuchs die ersten drei Punkte ein. In der hart gef\u00fchrten Partie gelang Lukas Tomanek das 1:0 noch vor der [&hellip;]<\/p>\n","protected":false},"author":3,"featured_media":2887,"comment_status":"open","ping_status":"open","sticky":false,"template":"","format":"standard","meta":{"_jetpack_memberships_contains_paid_content":false,"footnotes":"","jetpack_publicize_message":"","jetpack_publicize_feature_enabled":true,"jetpack_social_post_already_shared":false,"jetpack_social_options":{"image_generator_settings":{"template":"highway","default_image_id":0,"font":"","enabled":false},"version":2}},"categories":[26,3,10],"tags":[],"class_list":["post-2883","post","type-post","status-publish","format-standard","has-post-thumbnail","hentry","category-a-junioren","category-allgemein","category-nachwuchs"],"jetpack_publicize_connections":[],"jetpack_featured_media_url":"https:\/\/i0.wp.com\/www.svzweckel.de\/wp-content\/uploads\/2015\/06\/DSCN0604.jpg?fit=800%2C600&ssl=1","jetpack_sharing_enabled":true,"_links":{"self":[{"href":"https:\/\/www.svzweckel.de\/index.php?rest_route=\/wp\/v2\/posts\/2883","targetHints":{"allow":["GET"]}}],"collection":[{"href":"https:\/\/www.svzweckel.de\/index.php?rest_route=\/wp\/v2\/posts"}],"about":[{"href":"https:\/\/www.svzweckel.de\/index.php?rest_route=\/wp\/v2\/types\/post"}],"author":[{"embeddable":true,"href":"https:\/\/www.svzweckel.de\/index.php?rest_route=\/wp\/v2\/users\/3"}],"replies":[{"embeddable":true,"href":"https:\/\/www.svzweckel.de\/index.php?rest_route=%2Fwp%2Fv2%2Fcomments&post=2883"}],"version-history":[{"count":0,"href":"https:\/\/www.svzweckel.de\/index.php?rest_route=\/wp\/v2\/posts\/2883\/revisions"}],"wp:featuredmedia":[{"embeddable":true,"href":"https:\/\/www.svzweckel.de\/index.php?rest_route=\/wp\/v2\/media\/2887"}],"wp:attachment":[{"href":"https:\/\/www.svzweckel.de\/index.php?rest_route=%2Fwp%2Fv2%2Fmedia&parent=2883"}],"wp:term":[{"taxonomy":"category","embeddable":true,"href":"https:\/\/www.svzweckel.de\/index.php?rest_route=%2Fwp%2Fv2%2Fcategories&post=2883"},{"taxonomy":"post_tag","embeddable":true,"href":"https:\/\/www.svzweckel.de\/index.php?rest_route=%2Fwp%2Fv2%2Ftags&post=2883"}],"curies":[{"name":"wp","href":"https:\/\/api.w.org\/{rel}","templated":true}]}}