{"id":2899,"date":"2015-06-09T19:34:46","date_gmt":"2015-06-09T19:34:46","guid":{"rendered":"http:\/\/www.svzweckel.de\/?p=2899"},"modified":"2015-06-09T21:51:46","modified_gmt":"2015-06-09T21:51:46","slug":"c-junioren-melden-sich-eindrucksvoll-in-der-aufstiegsrunde-zurueck","status":"publish","type":"post","link":"https:\/\/www.svzweckel.de\/?p=2899","title":{"rendered":"C-Junioren melden sich eindrucksvoll in der Aufstiegsrunde zur\u00fcck!"},"content":{"rendered":"<p>Am Dienstag, den 09.06.2015 reisten die Zweckler C-Junioren nach Castrop-Rauxel um dort gegen den Meister aus dem Kreis Herne zu spielen. Die C-Junioren der SpVg BG Schwerin hatten ihr erstes Spiel mit 1:3 ausw\u00e4rts gewonnen und die Trainer erwarteten einen starken Gegner.<\/p>\n<p>Das Spiel begann um 18:03 Uhr und die Zweckeler gaben von Anfang an Gas. So war es Timon Reschke der in der 3. Minute direkt von der Ecke aus traf. Doch was war das, der Schiedsrichter hatte eine Regelwidrigkeit gesehen und pfiff Freisto\u00df f\u00fcr den Gegner. Weiterhin 0:0. In der 12. Minute war es dann endlich soweit und Dominik Ryszard Pereira vollendete einen sch\u00f6nen Spielzug zum 0:1. Die Zweckeler spielten druckvoll, lie\u00dfen jedoch dem Gegner einige Chancen, die die Schweriner nicht verwerten konnten. In der 30. Minute wieder ein schnell vorgetragener Spielzug, Dominik Ryszard Pereira, 0:2. Somit war der Pausenstand hergestellt. Die Defensive der Gr\u00fcnhemden stand gewohnt sicher und agierte mit k\u00fchlem Kopf. Nach Wiederanpfiff fingen die Hausherren an Druck zu machen, kamen aber nicht in den Strafraum hinein und schafften somit keinen Abschluss. In der 40. Minute f\u00fchrte ein Zweikampf im Strafraum zu einem Strafsto\u00df. Diesen verwandelte der Schweriner-Sch\u00fctze sicher. 1:2. Der folgende Ansto\u00df wurde direkt lang gespielt, der Ball tupft, Dominik Ryszard Pereira nimmt ihn Volley mit Links, unhaltbar f\u00fcr den Torwart. 1:3. Ein sehr sch\u00f6nes Tor in der 41. Minute. In der 46. Minute, nach einem Eckball von links, getreten von Timon Reschke senkte sich der Ball auf den zweiten Pfosten, wo Pascal Lobitz den Ball freistehend einnicken konnte, 1:4. Das Spiel lief jetzt hin und her. Beide Teams hatten ihr Chancen. In der 68. Minute eine sch\u00f6ne Kombination durchs Zentrum. Luca Brockmann steckt den Ball aus dem Zentrum rechts in den Strafraum, Dominik Ryszard Pereira mit dem Schu\u00df aufs Tor, GEHALTEN, ins Zentrum abgelenkt, Ibrahim Yalcin steht frei und kann abstauben. 1:5. Das Ding war sp\u00e4testens jetzt durch. In der Schlu\u00dfminute ein hoher Ball der Schweriner von links. Keiner geht zum Kopfball, gestocher in der Strafraummitte, drin. 2:5. Der Endstand war hergestellt. Danach folgte direkt der Abpfiff des souver\u00e4n pfeifenden Schiedsrichters.<\/p>\n<p>Die Zweckeler C-Junioren haben in diesem Spiel gezeigt das sie ein Team sind und was sie drauf haben und verdient die 3 Punkte aus Castrop-Rauxel mitgenommen. Somit ist wieder alles drin im Aufstiegsrennen und die Gr\u00fcnhemden bereiten sich auf das n\u00e4chste Spiel am Samstag, den 13.06.2015 gegen Westfalia Rhynern II vor. Die Westfalen haben beide gespielten Spiele verloren und werden am Samstag sicherlich aufs Ganze gehen, um noch irgendeine Chance zum Aufstieg zu haben.<\/p>\n<p>Das Trainergespann Flohr\/Brockmann zeigte sich zufrieden mit der Leistung des Teams.<\/p>\n<p>Aufstellung:<\/p>\n<p>Lennert Heyer(TW), Alexander No\u00df, Louis Maxim Giermann, David Belz(C), Dominik Stanczak, Pascal Lobitz, Timon Reschke, Robin Karsten, Louis Paul Budzyk, Dominik Ryszard Pereira, Christian Wloch, David Trostmann, Ibrahim Yalcin, Tarik Khodr, Luca Leon Brockmann<\/p>\n<p>&nbsp;<\/p>\n","protected":false},"excerpt":{"rendered":"<p>Am Dienstag, den 09.06.2015 reisten die Zweckler C-Junioren nach Castrop-Rauxel um dort gegen den Meister aus dem Kreis Herne zu spielen. Die C-Junioren der SpVg BG Schwerin hatten ihr erstes Spiel mit 1:3 ausw\u00e4rts gewonnen und die Trainer erwarteten einen starken Gegner. Das Spiel begann um 18:03 Uhr und die Zweckeler gaben von Anfang an [&hellip;]<\/p>\n","protected":false},"author":3,"featured_media":2900,"comment_status":"open","ping_status":"open","sticky":false,"template":"","format":"standard","meta":{"_jetpack_memberships_contains_paid_content":false,"footnotes":"","jetpack_publicize_message":"","jetpack_publicize_feature_enabled":true,"jetpack_social_post_already_shared":false,"jetpack_social_options":{"image_generator_settings":{"template":"highway","default_image_id":0,"font":"","enabled":false},"version":2}},"categories":[3,28,10],"tags":[],"class_list":["post-2899","post","type-post","status-publish","format-standard","has-post-thumbnail","hentry","category-allgemein","category-c-junioren","category-nachwuchs"],"jetpack_publicize_connections":[],"jetpack_featured_media_url":"https:\/\/i0.wp.com\/www.svzweckel.de\/wp-content\/uploads\/2015\/06\/11230683_513703765462759_43785404758402678_o.jpg?fit=800%2C480&ssl=1","jetpack_sharing_enabled":true,"_links":{"self":[{"href":"https:\/\/www.svzweckel.de\/index.php?rest_route=\/wp\/v2\/posts\/2899","targetHints":{"allow":["GET"]}}],"collection":[{"href":"https:\/\/www.svzweckel.de\/index.php?rest_route=\/wp\/v2\/posts"}],"about":[{"href":"https:\/\/www.svzweckel.de\/index.php?rest_route=\/wp\/v2\/types\/post"}],"author":[{"embeddable":true,"href":"https:\/\/www.svzweckel.de\/index.php?rest_route=\/wp\/v2\/users\/3"}],"replies":[{"embeddable":true,"href":"https:\/\/www.svzweckel.de\/index.php?rest_route=%2Fwp%2Fv2%2Fcomments&post=2899"}],"version-history":[{"count":0,"href":"https:\/\/www.svzweckel.de\/index.php?rest_route=\/wp\/v2\/posts\/2899\/revisions"}],"wp:featuredmedia":[{"embeddable":true,"href":"https:\/\/www.svzweckel.de\/index.php?rest_route=\/wp\/v2\/media\/2900"}],"wp:attachment":[{"href":"https:\/\/www.svzweckel.de\/index.php?rest_route=%2Fwp%2Fv2%2Fmedia&parent=2899"}],"wp:term":[{"taxonomy":"category","embeddable":true,"href":"https:\/\/www.svzweckel.de\/index.php?rest_route=%2Fwp%2Fv2%2Fcategories&post=2899"},{"taxonomy":"post_tag","embeddable":true,"href":"https:\/\/www.svzweckel.de\/index.php?rest_route=%2Fwp%2Fv2%2Ftags&post=2899"}],"curies":[{"name":"wp","href":"https:\/\/api.w.org\/{rel}","templated":true}]}}