{"id":2915,"date":"2015-06-10T09:27:35","date_gmt":"2015-06-10T09:27:35","guid":{"rendered":"http:\/\/www.svzweckel.de\/?p=2915"},"modified":"2015-06-10T09:27:35","modified_gmt":"2015-06-10T09:27:35","slug":"zweckel-verzichtet-auf-stadtmeisterschaft","status":"publish","type":"post","link":"https:\/\/www.svzweckel.de\/?p=2915","title":{"rendered":"Zweckel verzichtet auf Stadtmeisterschaft"},"content":{"rendered":"<p>Was sich bereits bei der letzten Fachschaft der Jugend schon abzeichnete, ist jetzt auch Realit\u00e4t geworden. Aufgrund der parallel zur Feldstadtmeisterschaften 2015 verlaufenden Aufstiegsrunde, k\u00f6nnen leider 3 Zweckeler Nachwuchsteams nicht an der diesj\u00e4hrigen FSMS teilnehmen. Neben der A und der C1 k\u00e4mpfen auch die die Kids der D1 um den Aufstieg in die Bezirksklasse. Wir bedauern diese Entscheidung \u00a0zumal \u00a0alle 3 Teams zu den top Favoriten ihrer Klasse z\u00e4hlen. Die Teilnahmen der C2, C3, D2 und D3 werden jedoch sichergestellt. Die Fachschaft sowie die ausrichtenden Vereine wurden bereits entsprechend informiert.<\/p>\n","protected":false},"excerpt":{"rendered":"<p>Was sich bereits bei der letzten Fachschaft der Jugend schon abzeichnete, ist jetzt auch Realit\u00e4t geworden. Aufgrund der parallel zur Feldstadtmeisterschaften 2015 verlaufenden Aufstiegsrunde, k\u00f6nnen leider 3 Zweckeler Nachwuchsteams nicht an der diesj\u00e4hrigen FSMS teilnehmen. Neben der A und der C1 k\u00e4mpfen auch die die Kids der D1 um den Aufstieg in die Bezirksklasse. Wir [&hellip;]<\/p>\n","protected":false},"author":3,"featured_media":1114,"comment_status":"open","ping_status":"open","sticky":false,"template":"","format":"standard","meta":{"_jetpack_memberships_contains_paid_content":false,"footnotes":"","jetpack_publicize_message":"","jetpack_publicize_feature_enabled":true,"jetpack_social_post_already_shared":false,"jetpack_social_options":{"image_generator_settings":{"template":"highway","default_image_id":0,"font":"","enabled":false},"version":2}},"categories":[10],"tags":[],"class_list":["post-2915","post","type-post","status-publish","format-standard","has-post-thumbnail","hentry","category-nachwuchs"],"jetpack_publicize_connections":[],"jetpack_featured_media_url":"https:\/\/i0.wp.com\/www.svzweckel.de\/wp-content\/uploads\/2014\/10\/Neues-Bild.png?fit=800%2C455&ssl=1","jetpack_sharing_enabled":true,"_links":{"self":[{"href":"https:\/\/www.svzweckel.de\/index.php?rest_route=\/wp\/v2\/posts\/2915","targetHints":{"allow":["GET"]}}],"collection":[{"href":"https:\/\/www.svzweckel.de\/index.php?rest_route=\/wp\/v2\/posts"}],"about":[{"href":"https:\/\/www.svzweckel.de\/index.php?rest_route=\/wp\/v2\/types\/post"}],"author":[{"embeddable":true,"href":"https:\/\/www.svzweckel.de\/index.php?rest_route=\/wp\/v2\/users\/3"}],"replies":[{"embeddable":true,"href":"https:\/\/www.svzweckel.de\/index.php?rest_route=%2Fwp%2Fv2%2Fcomments&post=2915"}],"version-history":[{"count":0,"href":"https:\/\/www.svzweckel.de\/index.php?rest_route=\/wp\/v2\/posts\/2915\/revisions"}],"wp:featuredmedia":[{"embeddable":true,"href":"https:\/\/www.svzweckel.de\/index.php?rest_route=\/wp\/v2\/media\/1114"}],"wp:attachment":[{"href":"https:\/\/www.svzweckel.de\/index.php?rest_route=%2Fwp%2Fv2%2Fmedia&parent=2915"}],"wp:term":[{"taxonomy":"category","embeddable":true,"href":"https:\/\/www.svzweckel.de\/index.php?rest_route=%2Fwp%2Fv2%2Fcategories&post=2915"},{"taxonomy":"post_tag","embeddable":true,"href":"https:\/\/www.svzweckel.de\/index.php?rest_route=%2Fwp%2Fv2%2Ftags&post=2915"}],"curies":[{"name":"wp","href":"https:\/\/api.w.org\/{rel}","templated":true}]}}