{"id":2999,"date":"2015-06-17T20:34:01","date_gmt":"2015-06-17T20:34:01","guid":{"rendered":"http:\/\/www.svzweckel.de\/?p=2999"},"modified":"2015-06-17T20:34:01","modified_gmt":"2015-06-17T20:34:01","slug":"a-junioren-steigen-in-die-bezirksliga-auf","status":"publish","type":"post","link":"https:\/\/www.svzweckel.de\/?p=2999","title":{"rendered":"A-Junioren steigen in die Bezirksliga auf!!!"},"content":{"rendered":"<p>Am 4.Spieltag der Aufstiegsrunde der Staffel 5 konnte die SpVg BG Schwerin im Sauerland, beim SF S\u00fcmmern mit 0:1 gewinnen. Durch dieses Ergebnis stehen nun SpVg BG Schwerin und der SV Zweckel 23 e.V. als direkte Aufsteiger in die Bezirksliga fest. Das letzte Heimspiel der Gr\u00fcnhemden das am Sonntag, den 21.06.2015 gegen den Herner-Kreisligameister ausgetragen werden mu\u00df, hat somit keine entscheidende Auswirkung mehr auf den Aufstieg. Da am Sonntag auf dem Kunstrasen von Preu\u00dfen Gladbeck die Feldstadtmeisterschaften stattfinden, werden die A-Junioren versuchen das Spiel gegen Schwerin in beiderseitigem Einverst\u00e4ndnis abzusagen, um an den Titelk\u00e4mpfen teilzunehmen und den Titel aus dem Vorjahr zu verteidigen.<\/p>\n<p>Herzlichen Gl\u00fcckwunsch an das Trainer- und Betreuerteam und die gesamte Mannschaft.<\/p>\n<p>&nbsp;<\/p>\n","protected":false},"excerpt":{"rendered":"<p>Am 4.Spieltag der Aufstiegsrunde der Staffel 5 konnte die SpVg BG Schwerin im Sauerland, beim SF S\u00fcmmern mit 0:1 gewinnen. Durch dieses Ergebnis stehen nun SpVg BG Schwerin und der SV Zweckel 23 e.V. als direkte Aufsteiger in die Bezirksliga fest. Das letzte Heimspiel der Gr\u00fcnhemden das am Sonntag, den 21.06.2015 gegen den Herner-Kreisligameister ausgetragen [&hellip;]<\/p>\n","protected":false},"author":3,"featured_media":3000,"comment_status":"open","ping_status":"open","sticky":false,"template":"","format":"standard","meta":{"_jetpack_memberships_contains_paid_content":false,"footnotes":"","jetpack_publicize_message":"","jetpack_publicize_feature_enabled":true,"jetpack_social_post_already_shared":false,"jetpack_social_options":{"image_generator_settings":{"template":"highway","default_image_id":0,"font":"","enabled":false},"version":2}},"categories":[26,3,10],"tags":[],"class_list":["post-2999","post","type-post","status-publish","format-standard","has-post-thumbnail","hentry","category-a-junioren","category-allgemein","category-nachwuchs"],"jetpack_publicize_connections":[],"jetpack_featured_media_url":"https:\/\/i0.wp.com\/www.svzweckel.de\/wp-content\/uploads\/2015\/06\/1538879_517068211792981_3633431039536512010_n.jpg?fit=800%2C600&ssl=1","jetpack_sharing_enabled":true,"_links":{"self":[{"href":"https:\/\/www.svzweckel.de\/index.php?rest_route=\/wp\/v2\/posts\/2999","targetHints":{"allow":["GET"]}}],"collection":[{"href":"https:\/\/www.svzweckel.de\/index.php?rest_route=\/wp\/v2\/posts"}],"about":[{"href":"https:\/\/www.svzweckel.de\/index.php?rest_route=\/wp\/v2\/types\/post"}],"author":[{"embeddable":true,"href":"https:\/\/www.svzweckel.de\/index.php?rest_route=\/wp\/v2\/users\/3"}],"replies":[{"embeddable":true,"href":"https:\/\/www.svzweckel.de\/index.php?rest_route=%2Fwp%2Fv2%2Fcomments&post=2999"}],"version-history":[{"count":0,"href":"https:\/\/www.svzweckel.de\/index.php?rest_route=\/wp\/v2\/posts\/2999\/revisions"}],"wp:featuredmedia":[{"embeddable":true,"href":"https:\/\/www.svzweckel.de\/index.php?rest_route=\/wp\/v2\/media\/3000"}],"wp:attachment":[{"href":"https:\/\/www.svzweckel.de\/index.php?rest_route=%2Fwp%2Fv2%2Fmedia&parent=2999"}],"wp:term":[{"taxonomy":"category","embeddable":true,"href":"https:\/\/www.svzweckel.de\/index.php?rest_route=%2Fwp%2Fv2%2Fcategories&post=2999"},{"taxonomy":"post_tag","embeddable":true,"href":"https:\/\/www.svzweckel.de\/index.php?rest_route=%2Fwp%2Fv2%2Ftags&post=2999"}],"curies":[{"name":"wp","href":"https:\/\/api.w.org\/{rel}","templated":true}]}}