{"id":3008,"date":"2015-06-22T10:23:36","date_gmt":"2015-06-22T10:23:36","guid":{"rendered":"http:\/\/www.svzweckel.de\/?p=3008"},"modified":"2015-06-22T10:24:00","modified_gmt":"2015-06-22T10:24:00","slug":"a-und-b-junioren-feldstadtmeister","status":"publish","type":"post","link":"https:\/\/www.svzweckel.de\/?p=3008","title":{"rendered":"A- und B-Junioren Feldstadtmeister !!!"},"content":{"rendered":"<p>Am Sonntag, den 21.06.2015 war es f\u00fcr die beiden l\u00e4testen Nachw\u00fcchse der Gr\u00fcnhemden an der Zeit die Feldstadtmeisterschaften zu spielen. Die A-Junioren konnten \u00fcberraschender Weise an dem Turnier teilnehmen, da der Aufstieg in die Bezirksliga schon festsstand. Mit einem Torverh\u00e4ltnis von 10:0 und 7 Punkten sicherte sich das Team die 5. Feldstadtmeisterschaft in folge. Man merkte der Mannschaft an, da\u00df die anstrengende Aufstiegsrunde ihre Spuren hinterlassen hatte. Weiterhin standen den A-Junioren nur 12 Spieler zur Verf\u00fcgung, wovon 2 B-Junioren waren. Sie kr\u00f6nten eine herrausragende Saison mit dem 3. Titel in der Spielzeit 2014\/15.<\/p>\n<p>Das Team bedankt sich bei der Fachschaft Fu\u00dfball, insbesondere bei Volker Dyba f\u00fcr seine Gl\u00fcckw\u00fcnsche zur Meisterschaft und dem Aufstieg in die Bezirksliga.<\/p>\n<p>Gro\u00dfes Kompliment an die A-Junioren von Adler Ellinghorst, die trotz gro\u00dfer Personalnot an den Feldstadtmeisterschaften teilnahmen.<\/p>\n<p><a href=\"https:\/\/i0.wp.com\/www.svzweckel.de\/wp-content\/uploads\/2015\/06\/1544546_521289294704206_7312714233122766048_n.jpg?ssl=1\"><img data-recalc-dims=\"1\" loading=\"lazy\" decoding=\"async\" class=\" size-medium wp-image-3009 aligncenter\" src=\"https:\/\/i0.wp.com\/www.svzweckel.de\/wp-content\/uploads\/2015\/06\/1544546_521289294704206_7312714233122766048_n.jpg?resize=169%2C300&#038;ssl=1\" alt=\"1544546_521289294704206_7312714233122766048_n\" width=\"169\" height=\"300\" srcset=\"https:\/\/i0.wp.com\/www.svzweckel.de\/wp-content\/uploads\/2015\/06\/1544546_521289294704206_7312714233122766048_n.jpg?resize=169%2C300&amp;ssl=1 169w, https:\/\/i0.wp.com\/www.svzweckel.de\/wp-content\/uploads\/2015\/06\/1544546_521289294704206_7312714233122766048_n.jpg?resize=150%2C267&amp;ssl=1 150w, https:\/\/i0.wp.com\/www.svzweckel.de\/wp-content\/uploads\/2015\/06\/1544546_521289294704206_7312714233122766048_n.jpg?resize=56%2C100&amp;ssl=1 56w, https:\/\/i0.wp.com\/www.svzweckel.de\/wp-content\/uploads\/2015\/06\/1544546_521289294704206_7312714233122766048_n.jpg?resize=28%2C50&amp;ssl=1 28w, https:\/\/i0.wp.com\/www.svzweckel.de\/wp-content\/uploads\/2015\/06\/1544546_521289294704206_7312714233122766048_n.jpg?resize=14%2C25&amp;ssl=1 14w, https:\/\/i0.wp.com\/www.svzweckel.de\/wp-content\/uploads\/2015\/06\/1544546_521289294704206_7312714233122766048_n.jpg?resize=180%2C320&amp;ssl=1 180w, https:\/\/i0.wp.com\/www.svzweckel.de\/wp-content\/uploads\/2015\/06\/1544546_521289294704206_7312714233122766048_n.jpg?resize=68%2C120&amp;ssl=1 68w, https:\/\/i0.wp.com\/www.svzweckel.de\/wp-content\/uploads\/2015\/06\/1544546_521289294704206_7312714233122766048_n.jpg?w=338&amp;ssl=1 338w\" sizes=\"auto, (max-width: 169px) 100vw, 169px\" \/><\/a><\/p>\n<p>Die B-Junioren der Zweckler gingen im Anschlu\u00df an die A-Junioren ins Rennen um die Meisterschaft. Ihnen gelang nach der Hallenstadtmeisterschaft nun auch der Titelgewinn bei der Feldstadtmeisterschaft. 2:0 Toren und 4 Punkten aus 2 Spielen konnte man sich den Titel sichern.<\/p>\n<p>Wir gratulieren allen Trainern, Betreuern, Eltern und Spielern zu einer herausragende Saison und w\u00fcnschen viel Spa\u00df in der Sommerpause.<\/p>\n","protected":false},"excerpt":{"rendered":"<p>Am Sonntag, den 21.06.2015 war es f\u00fcr die beiden l\u00e4testen Nachw\u00fcchse der Gr\u00fcnhemden an der Zeit die Feldstadtmeisterschaften zu spielen. Die A-Junioren konnten \u00fcberraschender Weise an dem Turnier teilnehmen, da der Aufstieg in die Bezirksliga schon festsstand. Mit einem Torverh\u00e4ltnis von 10:0 und 7 Punkten sicherte sich das Team die 5. Feldstadtmeisterschaft in folge. Man [&hellip;]<\/p>\n","protected":false},"author":3,"featured_media":3010,"comment_status":"open","ping_status":"open","sticky":false,"template":"","format":"standard","meta":{"_jetpack_memberships_contains_paid_content":false,"footnotes":"","jetpack_publicize_message":"","jetpack_publicize_feature_enabled":true,"jetpack_social_post_already_shared":false,"jetpack_social_options":{"image_generator_settings":{"template":"highway","default_image_id":0,"font":"","enabled":false},"version":2}},"categories":[26,3,27,10],"tags":[],"class_list":["post-3008","post","type-post","status-publish","format-standard","has-post-thumbnail","hentry","category-a-junioren","category-allgemein","category-b-junioren","category-nachwuchs"],"jetpack_publicize_connections":[],"jetpack_featured_media_url":"https:\/\/i0.wp.com\/www.svzweckel.de\/wp-content\/uploads\/2015\/06\/11402399_521289278037541_1590724410872356215_o.jpg?fit=800%2C600&ssl=1","jetpack_sharing_enabled":true,"_links":{"self":[{"href":"https:\/\/www.svzweckel.de\/index.php?rest_route=\/wp\/v2\/posts\/3008","targetHints":{"allow":["GET"]}}],"collection":[{"href":"https:\/\/www.svzweckel.de\/index.php?rest_route=\/wp\/v2\/posts"}],"about":[{"href":"https:\/\/www.svzweckel.de\/index.php?rest_route=\/wp\/v2\/types\/post"}],"author":[{"embeddable":true,"href":"https:\/\/www.svzweckel.de\/index.php?rest_route=\/wp\/v2\/users\/3"}],"replies":[{"embeddable":true,"href":"https:\/\/www.svzweckel.de\/index.php?rest_route=%2Fwp%2Fv2%2Fcomments&post=3008"}],"version-history":[{"count":0,"href":"https:\/\/www.svzweckel.de\/index.php?rest_route=\/wp\/v2\/posts\/3008\/revisions"}],"wp:featuredmedia":[{"embeddable":true,"href":"https:\/\/www.svzweckel.de\/index.php?rest_route=\/wp\/v2\/media\/3010"}],"wp:attachment":[{"href":"https:\/\/www.svzweckel.de\/index.php?rest_route=%2Fwp%2Fv2%2Fmedia&parent=3008"}],"wp:term":[{"taxonomy":"category","embeddable":true,"href":"https:\/\/www.svzweckel.de\/index.php?rest_route=%2Fwp%2Fv2%2Fcategories&post=3008"},{"taxonomy":"post_tag","embeddable":true,"href":"https:\/\/www.svzweckel.de\/index.php?rest_route=%2Fwp%2Fv2%2Ftags&post=3008"}],"curies":[{"name":"wp","href":"https:\/\/api.w.org\/{rel}","templated":true}]}}