{"id":3012,"date":"2015-06-22T10:46:34","date_gmt":"2015-06-22T10:46:34","guid":{"rendered":"http:\/\/www.svzweckel.de\/?p=3012"},"modified":"2015-06-22T10:46:34","modified_gmt":"2015-06-22T10:46:34","slug":"c-junioren-verpassen-knapp-den-aufstieg","status":"publish","type":"post","link":"https:\/\/www.svzweckel.de\/?p=3012","title":{"rendered":"C-Junioren verpassen knapp den Aufstieg!"},"content":{"rendered":"<p>Am Samstag, den 20.06.2015 musste das Team von Benjamin Flohr und J\u00f6rg Brockmann nach Hagen zum entscheidenden Spiel um den Bezriksligaaufstieg. Man reiste zum Meister des Kreises Hagen, SpVg. Hagen 1911. Bis zur Halbzeit erspielten sich unsere Jungs eine komfortable 0:2 F\u00fchrung. Pascal Lobitz ind er 2. Minute und Dominik Ryszard Pereira in der 15. Minute sorgten f\u00fcr den Halbezitstand. Nach dem Halbzeit mussten die Trainer, auf Grund von Verletzungen oder Trainingsr\u00fcckstand wechseln. Die Hagener fanden \u00fcber Kampf zum Spiel und erzielten in der 54. Minute durch einen Freisto\u00df den 1:2 Anschlu\u00dftreffer. In der Nachspielzeit kam es zu einem weiteren Freisto\u00df, der zun\u00e4chst abgewehrt wurde. Zur Verwunderung der Zweckler Zuschauer wurde der Freisto\u00df wiederholt. Der zweite Versuch landete an der Unterkante der Latte, sprang vor der Linie auf, ging nochmal an die Latte und anschlie\u00dfend ins Netz der Gr\u00fcnhemden zum 2:2 Endstand. Somit stehen am Ende der Aufstiegsrunde der Staffel 5, starke 7 Punkte und ein Torverh\u00e4ltnis von 12:5 Toren zu Buche. In den Aufstiegsrunden der Staffeln 1 und 3 h\u00e4tte dieses hervorragende Ergebnis zum Aufstieg gereicht.<\/p>\n<p>Zur Erinnerung, nach 27 Jahren gelang es endlich einer Zweckler C-Jugend wieder Meister zu werden. Die Zuschauer, Eltern und Verantwortlichen des Vereins, bekamen viele tolle und spannende Spiele zu sehen. Wenn man die komplette Aufstiegsrunde betrachtet, waren es Kleinigkeiten die zum Nichtaufstieg f\u00fchrten. Die Gr\u00fcnhemden und die Trainer gaben in der kompletten Saison alles f\u00fcr den Verein. Auch wenn nicht alle Eltern und Zuschauer der gleichen Meinung sind, der Jugendvorstand ist stolz auf die beiden Trainer und jeden einzelnen Spieler unserer C1-Junioren.<\/p>\n","protected":false},"excerpt":{"rendered":"<p>Am Samstag, den 20.06.2015 musste das Team von Benjamin Flohr und J\u00f6rg Brockmann nach Hagen zum entscheidenden Spiel um den Bezriksligaaufstieg. Man reiste zum Meister des Kreises Hagen, SpVg. Hagen 1911. Bis zur Halbzeit erspielten sich unsere Jungs eine komfortable 0:2 F\u00fchrung. Pascal Lobitz ind er 2. Minute und Dominik Ryszard Pereira in der 15. [&hellip;]<\/p>\n","protected":false},"author":3,"featured_media":2871,"comment_status":"open","ping_status":"open","sticky":false,"template":"","format":"standard","meta":{"_jetpack_memberships_contains_paid_content":false,"footnotes":"","jetpack_publicize_message":"","jetpack_publicize_feature_enabled":true,"jetpack_social_post_already_shared":false,"jetpack_social_options":{"image_generator_settings":{"template":"highway","default_image_id":0,"font":"","enabled":false},"version":2}},"categories":[3,28,10],"tags":[],"class_list":["post-3012","post","type-post","status-publish","format-standard","has-post-thumbnail","hentry","category-allgemein","category-c-junioren","category-nachwuchs"],"jetpack_publicize_connections":[],"jetpack_featured_media_url":"https:\/\/i0.wp.com\/www.svzweckel.de\/wp-content\/uploads\/2015\/06\/DSCN0389.jpg?fit=800%2C600&ssl=1","jetpack_sharing_enabled":true,"_links":{"self":[{"href":"https:\/\/www.svzweckel.de\/index.php?rest_route=\/wp\/v2\/posts\/3012","targetHints":{"allow":["GET"]}}],"collection":[{"href":"https:\/\/www.svzweckel.de\/index.php?rest_route=\/wp\/v2\/posts"}],"about":[{"href":"https:\/\/www.svzweckel.de\/index.php?rest_route=\/wp\/v2\/types\/post"}],"author":[{"embeddable":true,"href":"https:\/\/www.svzweckel.de\/index.php?rest_route=\/wp\/v2\/users\/3"}],"replies":[{"embeddable":true,"href":"https:\/\/www.svzweckel.de\/index.php?rest_route=%2Fwp%2Fv2%2Fcomments&post=3012"}],"version-history":[{"count":0,"href":"https:\/\/www.svzweckel.de\/index.php?rest_route=\/wp\/v2\/posts\/3012\/revisions"}],"wp:featuredmedia":[{"embeddable":true,"href":"https:\/\/www.svzweckel.de\/index.php?rest_route=\/wp\/v2\/media\/2871"}],"wp:attachment":[{"href":"https:\/\/www.svzweckel.de\/index.php?rest_route=%2Fwp%2Fv2%2Fmedia&parent=3012"}],"wp:term":[{"taxonomy":"category","embeddable":true,"href":"https:\/\/www.svzweckel.de\/index.php?rest_route=%2Fwp%2Fv2%2Fcategories&post=3012"},{"taxonomy":"post_tag","embeddable":true,"href":"https:\/\/www.svzweckel.de\/index.php?rest_route=%2Fwp%2Fv2%2Ftags&post=3012"}],"curies":[{"name":"wp","href":"https:\/\/api.w.org\/{rel}","templated":true}]}}