{"id":3046,"date":"2015-07-07T21:00:24","date_gmt":"2015-07-07T21:00:24","guid":{"rendered":"http:\/\/www.svzweckel.de\/?p=3046"},"modified":"2015-07-09T10:12:39","modified_gmt":"2015-07-09T10:12:39","slug":"svz-ii-sehnsucht-nach-ruhigem-fahrwasser-waz-vom-08-07-15","status":"publish","type":"post","link":"https:\/\/www.svzweckel.de\/?p=3046","title":{"rendered":"SVZ II: Sehnsucht nach ruhigem Fahrwasser (WAZ vom 07.07.15)"},"content":{"rendered":"<p>Ab Freitag geht es f\u00fcr die Gr\u00fcnhemden von Mike Theis darum, sich f\u00fcr die kommende Saison zu r\u00fcsten. Ein einstelliger Tabellenplatz lautet das bescheidene Ziel.<\/p>\n<p>Nein, im Gladbecker Norden war die vergangene Kreisliga-Saison nicht gerade erfrischend. Nun soll bei der Zweitvertretung des SV Zweckel alles anders, oder besser gesagt, alles neu werden. Daf\u00fcr zeichnet sich fortan Mike Theis verantwortlich. Dieser l\u00e4dt am Freitagabend zum ersten Aufgalopp f\u00fcr die neue Spielzeit ein. Vor allem eins ist f\u00fcr seine Arbeit wichtig: Ruhe!<\/p>\n<p>Der Blick in die letzten Spielzeit zeigte vor allem die Inkonstanz der Vertretungen. Nachdem sich das Team in der Hinrunde noch auf Platz sechs befand, rutschte es in der zweiten Saisonh\u00e4lfte auf Rang 13 ab. Sogar den Trainer wechselten die Gr\u00fcnhemden. S\u00f6ren Sch\u00fcrer warf vor dem Saisonendspurt das Handtuch.<\/p>\n<p>Das Personalkarussell dreht sich derzeit munter im Norden: Viele Zug\u00e4nge verpassen dem Team einen neuen Anstrich: Die Altjahrg\u00e4nge der A-Junioren werden fortan f\u00fcr die Theis-Elf auflaufen: Tolga Calik, Henrico van der Velden, Deniz Ceylan und Enis Yiyit werden den Kader verj\u00fcngen und gleichzeitig verst\u00e4rken. Zudem kehren zwei alte Bekannte zur\u00fcck. Ziya Beselvi und Ekrem Kapusuz werden Linienchef Theis in der n\u00e4chsten Runde wieder zur Verf\u00fcgung stehen. Beide Akteure spielten bereits 2013\/14 unter Theis in der Jugend und treffen somit auf alte Bekannte.<\/p>\n<p>Insgesamt m\u00f6chte Theis mit 18 Spielern und zwei Torh\u00fctern in die neue Spielzeit gehen: \u201eMomentan haben wir 29 Akteure im Kader, darunter drei Torh\u00fcter. Bis zum Saisonstart soll es ein 20-Mann starker Kader werden.\u201c Die Akteure, die es nicht in die \u201eZweite\u201c schaffen, werden f\u00fcr die dritte Mannschaft auflaufen, welche in der Kreisliga C um Punkte k\u00e4mpft.<\/p>\n<p><strong>Theis mit vielen jungen Sch\u00fctzlingen<\/strong><\/p>\n<p>Dadurch, dass die Mannschaft sehr jung sein wird, lehnt sich der Chefcoach nicht allzuweit aus dem Fenster, was das Saisonziel betrifft: \u201eBei uns sind nur f\u00fcnf Akteure \u00fcber 23 Jahre alt. Wenn ein einstelliger Tabellenplatz am Ende herausspringt, w\u00e4re ich zufrieden.\u201c Sein Linien-Partner, Co-Trainer Nicolai Sablowski, erg\u00e4nzt: \u201eErst einmal gilt es solide Punkte zu sammeln, doch ein einstelliger Platz sollte drin sein.\u201c<\/p>\n<p>Theis und Sablowski sind derzeit nicht nur als Trainer, sondern als Ansprechpartner und Motivator gefragt. Zudem haben sie sich der ruhigen Arbeit verschrieben. Zu oft war das Fahrwasser in letzter Zeit st\u00fcrmisch auf dem Zweckeler Schiff.<\/p>\n<p><strong>Das Potenzial ist da<\/strong><\/p>\n<p>Zweifelsfrei verf\u00fcgt Theis \u00fcber eine gro\u00dfe Portion Fu\u00dfball-Sachverstand. Er hat mit dem Aufstieg der A-Junioren in die Bezirksliga gezeigt, dass er sein Fach versteht. Nun ist es die Frage, ob er auch im Seniorenbereich durchstarten kann. Mit dem jungen, aber doch spielstarken Kader sind die Weichen f\u00fcr eine diesmal hoffentlich entspannte Saison gelegt. Es w\u00e4re den Gr\u00fcnhemden, nach der j\u00fcngst verkorksten Saison, zu w\u00fcnschen.<\/p>\n","protected":false},"excerpt":{"rendered":"<p>Ab Freitag geht es f\u00fcr die Gr\u00fcnhemden von Mike Theis darum, sich f\u00fcr die kommende Saison zu r\u00fcsten. Ein einstelliger Tabellenplatz lautet das bescheidene Ziel. Nein, im Gladbecker Norden war die vergangene Kreisliga-Saison nicht gerade erfrischend. Nun soll bei der Zweitvertretung des SV Zweckel alles anders, oder besser gesagt, alles neu werden. Daf\u00fcr zeichnet sich [&hellip;]<\/p>\n","protected":false},"author":3,"featured_media":3049,"comment_status":"open","ping_status":"open","sticky":false,"template":"","format":"standard","meta":{"_jetpack_memberships_contains_paid_content":false,"footnotes":"","jetpack_publicize_message":"","jetpack_publicize_feature_enabled":true,"jetpack_social_post_already_shared":false,"jetpack_social_options":{"image_generator_settings":{"template":"highway","default_image_id":0,"font":"","enabled":false},"version":2}},"categories":[20],"tags":[],"class_list":["post-3046","post","type-post","status-publish","format-standard","has-post-thumbnail","hentry","category-2-mannschaft"],"jetpack_publicize_connections":[],"jetpack_featured_media_url":"https:\/\/i0.wp.com\/www.svzweckel.de\/wp-content\/uploads\/2015\/07\/SVZII.jpg?fit=616%2C225&ssl=1","jetpack_sharing_enabled":true,"_links":{"self":[{"href":"https:\/\/www.svzweckel.de\/index.php?rest_route=\/wp\/v2\/posts\/3046","targetHints":{"allow":["GET"]}}],"collection":[{"href":"https:\/\/www.svzweckel.de\/index.php?rest_route=\/wp\/v2\/posts"}],"about":[{"href":"https:\/\/www.svzweckel.de\/index.php?rest_route=\/wp\/v2\/types\/post"}],"author":[{"embeddable":true,"href":"https:\/\/www.svzweckel.de\/index.php?rest_route=\/wp\/v2\/users\/3"}],"replies":[{"embeddable":true,"href":"https:\/\/www.svzweckel.de\/index.php?rest_route=%2Fwp%2Fv2%2Fcomments&post=3046"}],"version-history":[{"count":0,"href":"https:\/\/www.svzweckel.de\/index.php?rest_route=\/wp\/v2\/posts\/3046\/revisions"}],"wp:featuredmedia":[{"embeddable":true,"href":"https:\/\/www.svzweckel.de\/index.php?rest_route=\/wp\/v2\/media\/3049"}],"wp:attachment":[{"href":"https:\/\/www.svzweckel.de\/index.php?rest_route=%2Fwp%2Fv2%2Fmedia&parent=3046"}],"wp:term":[{"taxonomy":"category","embeddable":true,"href":"https:\/\/www.svzweckel.de\/index.php?rest_route=%2Fwp%2Fv2%2Fcategories&post=3046"},{"taxonomy":"post_tag","embeddable":true,"href":"https:\/\/www.svzweckel.de\/index.php?rest_route=%2Fwp%2Fv2%2Ftags&post=3046"}],"curies":[{"name":"wp","href":"https:\/\/api.w.org\/{rel}","templated":true}]}}