{"id":3227,"date":"2015-08-05T10:57:44","date_gmt":"2015-08-05T10:57:44","guid":{"rendered":"http:\/\/www.svzweckel.de\/?p=3227"},"modified":"2015-08-05T10:59:21","modified_gmt":"2015-08-05T10:59:21","slug":"kreisliga-a1-sc-hassel-ii-steht-als-erster-absteiger-fest-waz-vom-05-08-15","status":"publish","type":"post","link":"https:\/\/www.svzweckel.de\/?p=3227","title":{"rendered":"Kreisliga A1 &#8211; SC Hassel II steht als erster Absteiger fest (WAZ vom 05.08.15)"},"content":{"rendered":"<div>Gerd Eschenr\u00f6der ist der Vorsitzende des Kreisfu\u00dfballausschusses. Er leitete den Staffeltag des Kreises 12, der jetzt in einem Raum der Stauder-Brauerei in Essen stattfand. Foto: Socrates TassosIn der Fu\u00dfball-Kreisliga A1 steht schon vor dem Saisonauftakt der erste Absteiger fest: Der SC Hassel hat n\u00e4mlich seine zweite Mannschaft zur\u00fcckgezogen. Es war warm, doch beim Staffeltag des Fu\u00dfballkreises Gelsenkirchen, Gladbeck, Kirchhellen hatten die Vereinsvertreter ja eine gute Gelegenheit, den Fl\u00fcssigkeitsverlust gleich auszugleichen. Denn in der Stauder-Brauerei wartete Gastgeber Axel Stauder mit k\u00fchlen Getr\u00e4nken. Eine Nachricht \u00fcberraschte: Der SC Hassel hat seine zweite Mannschaft vom Spielbetrieb der Kreisliga A1 zur\u00fcckgezogen.<\/p>\n<p>Applaus gab es f\u00fcr Marco Fobo, der als Fairplay-Sieger des Monats Juni des Fu\u00dfball- und Leichtathletik-Verbandes Westfalen geehrt wurde. Daf\u00fcr, dass er zugegeben hatte, beim Erler Derby im Strafraum nicht gefoult worden zu sein. Der Schiedsrichter hatte seine Elfmeter-Entscheidung daraufhin zur\u00fcckgenommen. Fobo, der das Online-Voting gewonnen hatte, bekam nicht nur einen Glaspokal, sondern auch zwei Eintrittskarten f\u00fcr das Bundesligaspiel des FC Schalke 04 gegen Darmstadt 98.<\/p>\n<p>Gerd Eschenr\u00f6der gratulierte aber nicht nur Marco Fobo. Der Vorsitzende des Kreisfu\u00dfballausschusses vertrat den Kreisvorsitzenden Peter Schywek, von dem er herzliche Urlaubsgr\u00fc\u00dfe ausrichtete. Herzliche Worte gab es auch f\u00fcr den Ehrenvorsitzenden Manfred Wichmann. Gerd Eschenr\u00f6der ehrte au\u00dferdem zusammen mit den Staffelleitern die Meister der Kreisligen. Vom Kreisliga-C2-Meister Blau Wei\u00df Gelsenkirchen II war sogar Trainer Murat Ipcioglu anwesend, der als Geschenk einen Fu\u00dfball und eine Urkunde entgegennahm.<\/p>\n<p>Aber auch alle anderen Aufsteiger nannte Gerd Eschenr\u00f6der, vor allem den Erler SV 08 und Westfalia 04 Gelsenkirchen, die sich nach Entscheidungsspielen f\u00fcr die Bezirksliga qualifiziert hatten. Voll des Lobes war Eschenr\u00f6der nat\u00fcrlich auch f\u00fcr YEG Hassel und Viktoria Resse als Aufsteiger in die Westfalenliga und in die Landesliga. Den SV Zweckel, der als klassenh\u00f6chster Klub des Kreises nach den beiden Schalker Mannschaften auch in der kommenden Saison in der Oberliga spielen wird, nannte der stellvertretende Kreisvorsitzende ebenfalls. Eschenr\u00f6der: \u201eWir sind super in den h\u00f6herklassigen Ligen aufgestellt.\u201c<\/p>\n<p>Nach diesen vielen lobenden Worten stand die neue Saison 2015\/2016 auf dem Plan. Der Kreis 12 stellt auch in der kommenden Spielzeit 1,5 Aufsteiger in die Bezirksliga. Somit spielen die beiden Kreisliga-A-Meister einen Aufsteiger aus, der Verlierer hat noch eine zweite Chance. In zwei Spielen gegen einen Vertreter des Kreises Recklinghausen wird ein weiterer Bezirksliga-Aufsteiger ermittelt.<\/p>\n<p>In der in knapp zwei Wochen beginnenden Saison wird von den insgesamt 116 Mannschaften, die f\u00fcr den Spielbetrieb auf Kreisebene gemeldet wurden, eine aber schon nicht mehr spielen. Der SC Hassel hat seine zweite Mannschaft vom Spielbetrieb zur\u00fcckgezogen. Eschenr\u00f6der erkl\u00e4rte: \u201eDie Abmeldung kam am 1. August per E-Mail.\u201c Ein Raunen ging durch den Saal. Viele stellten sich die Frage, warum einer der renommiertesten Vereine im Kreis, der sogar ein Westfalenliga-Team stellt, seine zweite Mannschaft abmeldet. In der Staffel 1 der Kreisliga A starten daher nun nur noch 15 Mannschaften, der SC Hassel II steht als erster Absteiger fest.<\/p>\n<\/div>\n","protected":false},"excerpt":{"rendered":"<p>Gerd Eschenr\u00f6der ist der Vorsitzende des Kreisfu\u00dfballausschusses. Er leitete den Staffeltag des Kreises 12, der jetzt in einem Raum der Stauder-Brauerei in Essen stattfand. Foto: Socrates TassosIn der Fu\u00dfball-Kreisliga A1 steht schon vor dem Saisonauftakt der erste Absteiger fest: Der SC Hassel hat n\u00e4mlich seine zweite Mannschaft zur\u00fcckgezogen. Es war warm, doch beim Staffeltag des [&hellip;]<\/p>\n","protected":false},"author":3,"featured_media":3229,"comment_status":"open","ping_status":"open","sticky":false,"template":"","format":"standard","meta":{"_jetpack_memberships_contains_paid_content":false,"footnotes":"","jetpack_publicize_message":"","jetpack_publicize_feature_enabled":true,"jetpack_social_post_already_shared":false,"jetpack_social_options":{"image_generator_settings":{"template":"highway","default_image_id":0,"font":"","enabled":false},"version":2}},"categories":[20],"tags":[],"class_list":["post-3227","post","type-post","status-publish","format-standard","has-post-thumbnail","hentry","category-2-mannschaft"],"jetpack_publicize_connections":[],"jetpack_featured_media_url":"https:\/\/i0.wp.com\/www.svzweckel.de\/wp-content\/uploads\/2015\/08\/Fussball-Staffeltag-des-Fussballkreises-.jpg?fit=616%2C225&ssl=1","jetpack_sharing_enabled":true,"_links":{"self":[{"href":"https:\/\/www.svzweckel.de\/index.php?rest_route=\/wp\/v2\/posts\/3227","targetHints":{"allow":["GET"]}}],"collection":[{"href":"https:\/\/www.svzweckel.de\/index.php?rest_route=\/wp\/v2\/posts"}],"about":[{"href":"https:\/\/www.svzweckel.de\/index.php?rest_route=\/wp\/v2\/types\/post"}],"author":[{"embeddable":true,"href":"https:\/\/www.svzweckel.de\/index.php?rest_route=\/wp\/v2\/users\/3"}],"replies":[{"embeddable":true,"href":"https:\/\/www.svzweckel.de\/index.php?rest_route=%2Fwp%2Fv2%2Fcomments&post=3227"}],"version-history":[{"count":0,"href":"https:\/\/www.svzweckel.de\/index.php?rest_route=\/wp\/v2\/posts\/3227\/revisions"}],"wp:featuredmedia":[{"embeddable":true,"href":"https:\/\/www.svzweckel.de\/index.php?rest_route=\/wp\/v2\/media\/3229"}],"wp:attachment":[{"href":"https:\/\/www.svzweckel.de\/index.php?rest_route=%2Fwp%2Fv2%2Fmedia&parent=3227"}],"wp:term":[{"taxonomy":"category","embeddable":true,"href":"https:\/\/www.svzweckel.de\/index.php?rest_route=%2Fwp%2Fv2%2Fcategories&post=3227"},{"taxonomy":"post_tag","embeddable":true,"href":"https:\/\/www.svzweckel.de\/index.php?rest_route=%2Fwp%2Fv2%2Ftags&post=3227"}],"curies":[{"name":"wp","href":"https:\/\/api.w.org\/{rel}","templated":true}]}}