{"id":3312,"date":"2015-08-17T15:33:32","date_gmt":"2015-08-17T15:33:32","guid":{"rendered":"http:\/\/www.svzweckel.de\/?p=3312"},"modified":"2015-08-17T15:34:43","modified_gmt":"2015-08-17T15:34:43","slug":"sv-zweckel-ii-trotzt-vfl-grafenwald-einen-punkt-ab","status":"publish","type":"post","link":"https:\/\/www.svzweckel.de\/?p=3312","title":{"rendered":"SV Zweckel II trotzt VFL Grafenwald einen Punkt ab"},"content":{"rendered":"<p style=\"text-align: justify;\"><span style=\"font-size: 16px;\">Am Sonntag, den 16.08.2015, musste die neu formierte &#8222;Zweite&#8220; der Gr\u00fcnhemden beim VFL Grafenwald antreten. Das Spiel wurde p\u00fcnktlich um 15:00 Uhr auf Kunstrasen angepfiffen. Ein kampfbetontes Spiel entwickelte sich von Anfang an.\u00a0<\/span><\/p>\n<p style=\"text-align: justify;\"><span style=\"font-size: 16px;\">Die ersten 30 Minuten hatten die Gr\u00fcnhemden das Spiel voll im Griff. Mehrere gute Torm\u00f6glichkeiten, wurden herausgespielt aber noch nicht verwertet. Die &#8222;W\u00f6ller&#8220; fanden nicht so gut ins Spiel. In der 30. Minute erhielt Ziya Besevli wegen wiederholtem Foulspiel die Gelb-Rote Karte und der Schiedsrichter nahm durch diese Entscheidung ma\u00dfgeblich Anteil am weiteren Spielverlauf. Insgesamt verteilte der Schiedsrichter 14 Gelbe Karten und eine Gelb-Rote Karte. Fast jedes Foulspiel sah der Unparteiische somit als gelbw\u00fcrdig an. Durch die Gelb-Rote Karte kam Grafenwald besser ins Spiel.<\/span><\/p>\n<p style=\"text-align: justify;\"><span style=\"font-size: 16px;\">In Unterzahl, konnte Tim Dreiskemper in der 38. Minute nach sch\u00f6ner Flanke von Ekrem Kapusuz, das 0:1 per Kopf erzielen. Den knappen Vorsprung retteten die Gr\u00fcnhemden in die Halbzeitpause.<\/span><\/p>\n<p style=\"text-align: justify;\"><span style=\"font-size: 16px;\">Nach Wiederanpfiff bestimmte Grafenwald das Spielgeschehen, die Gr\u00fcnhemden konnten nur selten f\u00fcr Entlastung sorgen. Der VFL kam zu einigen Torabschl\u00fcssen, die bis auf wenige Ausnahmen aber nicht zwingend waren. Nach einem Standard egalisierte Nico Haufe den 0:1 Spielstand und erzielte das 1:1 in der 67. Minute.<\/span><\/p>\n<p style=\"text-align: justify;\"><span style=\"font-size: 16px;\">Die Zweckler k\u00e4mpften mit Mann und Maus und gaben alles, um den verdienten Punkt aus Grafenwald zu entf\u00fchren.<\/span><\/p>\n<p style=\"text-align: justify;\"><span style=\"font-size: 16px;\">In der 89. Minute konnte Mike Jungnickel den 1:2 Zwischenstand herstellen. Nach einem sch\u00f6nen Freisto\u00df\u00a0von Ekrem Kapusuz traf er per Fu\u00df.<\/span><\/p>\n<p style=\"text-align: justify;\"><span style=\"font-size: 16px;\">Der Schiedsrichter zeigte 3 Minuten Nachspielzeit an. In der 93. Minute kam es zu einem Freisto\u00df in Strafraumn\u00e4he. Aus etwa 17 Metern konnte erneut Nico Haufe den Ball an der Mauer vorbei ins Tor buchsieren. Wer jetzt dachte das Spiel w\u00e4re erledigt irrte gewaltig, denn die Zweckler gaben nochmal alles und kamen zu einem sch\u00f6nen Angriff \u00fcber die rechte Seite. Nachdem sich Mert Durmaz gut durchgesetzt hatte und den Ball querlegen wollte, kam es zu einem nichtgeahndeten Handspiel im Strafraum. Die Aufregung war gro\u00df, der Schiedsrichter pfiff die Partie direkt danach ab.<\/span><\/p>\n<p style=\"text-align: justify;\"><span style=\"font-size: 16px;\">Alles in allem kann die &#8222;Zweite&#8220; mit dem Punktgewinn in Grafenwald sehr gut leben und blickt zuversichtlich auf die weitere Saison.\u00a0<\/span><\/p>\n<p style=\"text-align: justify;\"><span style=\"font-size: 16px;\">Gute Besserung an Maurice Ogaza der sich bei einem Zweikampf am Sprunggelenk verletzte.<\/span><\/p>\n","protected":false},"excerpt":{"rendered":"<p>Am Sonntag, den 16.08.2015, musste die neu formierte &#8222;Zweite&#8220; der Gr\u00fcnhemden beim VFL Grafenwald antreten. Das Spiel wurde p\u00fcnktlich um 15:00 Uhr auf Kunstrasen angepfiffen. Ein kampfbetontes Spiel entwickelte sich von Anfang an.\u00a0 Die ersten 30 Minuten hatten die Gr\u00fcnhemden das Spiel voll im Griff. Mehrere gute Torm\u00f6glichkeiten, wurden herausgespielt aber noch nicht verwertet. Die [&hellip;]<\/p>\n","protected":false},"author":3,"featured_media":3049,"comment_status":"open","ping_status":"open","sticky":false,"template":"","format":"standard","meta":{"_jetpack_memberships_contains_paid_content":false,"footnotes":"","jetpack_publicize_message":"","jetpack_publicize_feature_enabled":true,"jetpack_social_post_already_shared":false,"jetpack_social_options":{"image_generator_settings":{"template":"highway","default_image_id":0,"font":"","enabled":false},"version":2}},"categories":[20,18],"tags":[],"class_list":["post-3312","post","type-post","status-publish","format-standard","has-post-thumbnail","hentry","category-2-mannschaft","category-senioren"],"jetpack_publicize_connections":[],"jetpack_featured_media_url":"https:\/\/i0.wp.com\/www.svzweckel.de\/wp-content\/uploads\/2015\/07\/SVZII.jpg?fit=616%2C225&ssl=1","jetpack_sharing_enabled":true,"_links":{"self":[{"href":"https:\/\/www.svzweckel.de\/index.php?rest_route=\/wp\/v2\/posts\/3312","targetHints":{"allow":["GET"]}}],"collection":[{"href":"https:\/\/www.svzweckel.de\/index.php?rest_route=\/wp\/v2\/posts"}],"about":[{"href":"https:\/\/www.svzweckel.de\/index.php?rest_route=\/wp\/v2\/types\/post"}],"author":[{"embeddable":true,"href":"https:\/\/www.svzweckel.de\/index.php?rest_route=\/wp\/v2\/users\/3"}],"replies":[{"embeddable":true,"href":"https:\/\/www.svzweckel.de\/index.php?rest_route=%2Fwp%2Fv2%2Fcomments&post=3312"}],"version-history":[{"count":0,"href":"https:\/\/www.svzweckel.de\/index.php?rest_route=\/wp\/v2\/posts\/3312\/revisions"}],"wp:featuredmedia":[{"embeddable":true,"href":"https:\/\/www.svzweckel.de\/index.php?rest_route=\/wp\/v2\/media\/3049"}],"wp:attachment":[{"href":"https:\/\/www.svzweckel.de\/index.php?rest_route=%2Fwp%2Fv2%2Fmedia&parent=3312"}],"wp:term":[{"taxonomy":"category","embeddable":true,"href":"https:\/\/www.svzweckel.de\/index.php?rest_route=%2Fwp%2Fv2%2Fcategories&post=3312"},{"taxonomy":"post_tag","embeddable":true,"href":"https:\/\/www.svzweckel.de\/index.php?rest_route=%2Fwp%2Fv2%2Ftags&post=3312"}],"curies":[{"name":"wp","href":"https:\/\/api.w.org\/{rel}","templated":true}]}}