{"id":3450,"date":"2015-08-21T20:14:57","date_gmt":"2015-08-21T20:14:57","guid":{"rendered":"http:\/\/www.svzweckel.de\/?p=3450"},"modified":"2015-08-21T20:15:20","modified_gmt":"2015-08-21T20:15:20","slug":"sv-zweckel-ii-eintracht-erle-waz-vom-22-08-15","status":"publish","type":"post","link":"https:\/\/www.svzweckel.de\/?p=3450","title":{"rendered":"SV Zweckel II \u2013 Eintracht Erle (WAZ vom 22.08.15)"},"content":{"rendered":"<div>\n<p>Das Minimalziel &#8211; einen Punkt aus dem ersten Spiel gegen Grafenwald mitzunehmen &#8211; hat Trainer Mike Theis mit der Zweckeler Zweitvertretung erreicht. Doch am Ende h\u00e4tten es gut und gerne auch drei Z\u00e4hler sein k\u00f6nnen. In der 89. Spielminute hatte Mike Jungnickel des SVZ mit 2:1 in F\u00fchrung gebracht, am Ende aber hie\u00df es 2:2. \u00c4rgerlich? Theis: \u201eDas ist schon wieder abgehakt. Ich empfinde das nicht als bitter. Der Punkt f\u00fcr uns war mehr als \u00fcberraschend.\u201c<\/p>\n<p>Nun geht es im K\u00e4fig gegen Eintracht Erle weiter, die am ersten Spieltag leer ausging (0:3 gegen SSV Buer II). Trotz der unterschiedlichen Vorzeichen \u00fcbt sich Theis in Understatement: \u201eErle ist ein ganz starker Gegner. Wir geben in jedem Spiel unser bestes. Das Ergebnis muss nach Abpfiff zum Spielverlauf passen. Wir sp\u00fcren keinen Druck.\u201c Der SVZ-Coach betont: \u201eWir sind entspannt. Unser Saisonziel ist ein einstelliger Tabellenplatz und das gehen wir ganz locker an.\u201c Ziya Beselvi fehlt nach seiner Ampelkarte gesperrt.<\/p>\n<p>Ansto\u00df: So., 15 Uhr, Dorstener-Stra\u00dfe.<\/p>\n<\/div>\n","protected":false},"excerpt":{"rendered":"<p>Das Minimalziel &#8211; einen Punkt aus dem ersten Spiel gegen Grafenwald mitzunehmen &#8211; hat Trainer Mike Theis mit der Zweckeler Zweitvertretung erreicht. Doch am Ende h\u00e4tten es gut und gerne auch drei Z\u00e4hler sein k\u00f6nnen. In der 89. Spielminute hatte Mike Jungnickel des SVZ mit 2:1 in F\u00fchrung gebracht, am Ende aber hie\u00df es 2:2. [&hellip;]<\/p>\n","protected":false},"author":3,"featured_media":3452,"comment_status":"open","ping_status":"open","sticky":false,"template":"","format":"standard","meta":{"_jetpack_memberships_contains_paid_content":false,"footnotes":"","jetpack_publicize_message":"","jetpack_publicize_feature_enabled":true,"jetpack_social_post_already_shared":false,"jetpack_social_options":{"image_generator_settings":{"template":"highway","default_image_id":0,"font":"","enabled":false},"version":2}},"categories":[20],"tags":[],"class_list":["post-3450","post","type-post","status-publish","format-standard","has-post-thumbnail","hentry","category-2-mannschaft"],"jetpack_publicize_connections":[],"jetpack_featured_media_url":"https:\/\/i0.wp.com\/www.svzweckel.de\/wp-content\/uploads\/2015\/08\/P8097814.jpg?fit=800%2C600&ssl=1","jetpack_sharing_enabled":true,"_links":{"self":[{"href":"https:\/\/www.svzweckel.de\/index.php?rest_route=\/wp\/v2\/posts\/3450","targetHints":{"allow":["GET"]}}],"collection":[{"href":"https:\/\/www.svzweckel.de\/index.php?rest_route=\/wp\/v2\/posts"}],"about":[{"href":"https:\/\/www.svzweckel.de\/index.php?rest_route=\/wp\/v2\/types\/post"}],"author":[{"embeddable":true,"href":"https:\/\/www.svzweckel.de\/index.php?rest_route=\/wp\/v2\/users\/3"}],"replies":[{"embeddable":true,"href":"https:\/\/www.svzweckel.de\/index.php?rest_route=%2Fwp%2Fv2%2Fcomments&post=3450"}],"version-history":[{"count":0,"href":"https:\/\/www.svzweckel.de\/index.php?rest_route=\/wp\/v2\/posts\/3450\/revisions"}],"wp:featuredmedia":[{"embeddable":true,"href":"https:\/\/www.svzweckel.de\/index.php?rest_route=\/wp\/v2\/media\/3452"}],"wp:attachment":[{"href":"https:\/\/www.svzweckel.de\/index.php?rest_route=%2Fwp%2Fv2%2Fmedia&parent=3450"}],"wp:term":[{"taxonomy":"category","embeddable":true,"href":"https:\/\/www.svzweckel.de\/index.php?rest_route=%2Fwp%2Fv2%2Fcategories&post=3450"},{"taxonomy":"post_tag","embeddable":true,"href":"https:\/\/www.svzweckel.de\/index.php?rest_route=%2Fwp%2Fv2%2Ftags&post=3450"}],"curies":[{"name":"wp","href":"https:\/\/api.w.org\/{rel}","templated":true}]}}