{"id":3522,"date":"2015-08-30T19:05:41","date_gmt":"2015-08-30T19:05:41","guid":{"rendered":"http:\/\/www.svzweckel.de\/?p=3522"},"modified":"2015-08-30T19:13:59","modified_gmt":"2015-08-30T19:13:59","slug":"zweites-spiel-zweite-niederlage-artikel-aufmplatz","status":"publish","type":"post","link":"https:\/\/www.svzweckel.de\/?p=3522","title":{"rendered":"Ellinghorst bleibt punktlos (Artikel aufmplatz)"},"content":{"rendered":"<p>Zweites Spiel, zweite Niederlag. Aufsteiger Adler Ellinghorst kommt in der Kreisliga A noch nich richtig in Tritt. War es f\u00fcr den SV Zweckel der Befreiungsschlag?<\/p>\n<p><strong>Adler Ellinghorst \u2013 SV Zweckel II 0:1 (0:0)<\/strong><br \/>\nDas erste Heimspiel von Adler Ellinghorst nach ein Jahr Abstinenz in der Kreisliga B ging in die Hose. Gegen die Vertretung des Oberligisten SV Zweckel verlor Ellinghorst mit 1:0. Trainer Peter Z\u00fcltzke war dementsprechend nicht zufrieden: \u201eWir werden wohl noch ordentlich Lehrgeld bezahlen m\u00fcssen, doch da muss die Mannschaft durch. In 90 Minuten sind wir h\u00f6chstens zwei bis dreimal vor das gegnerische Tor gekommen. Zweckel war nicht unbedingt besser, aber effektiver. Beide Mannschaften haben sich der Temperatur angepasst. Da war klar, wer das Tor macht, wird das Spiel f\u00fcr sich entscheiden.\u201c Zweckels Trainer Mike Thies ist nat\u00fcrlich zufrieden nach dem ersten Saisonsieg: \u201eEin hochverdienter Sieg. Wir waren die dominierende Mannschaft, hatten mehr Spielanteile und auch mehr Chancen.\u201c Enes Yiyit war Sch\u00fctze des goldenen Tores, der den G\u00e4sten die Punkte zwei, drei und vier bescherte. \u201eWir haben uns in vielen Situationen zu naiv verhalten, da sieht man, dass wir noch viel lernen m\u00fcssen\u201c, so Z\u00fcltzke, dessen Elf Gl\u00fcck hatte, das es nur 1:0 ausging, da den G\u00e4sten laut ihrem Trainer ein Abseitstreffer zu Unrecht nicht gegeben w\u00fcrde. \u201eEgal\u201c, so Thies, \u201ewichtig ist das wir die drei Punkte eingefahren haben.\u201c<br \/>\nTore: 0:1 Enes Yiyit (58.)<\/p>\n","protected":false},"excerpt":{"rendered":"<p>Zweites Spiel, zweite Niederlag. Aufsteiger Adler Ellinghorst kommt in der Kreisliga A noch nich richtig in Tritt. War es f\u00fcr den SV Zweckel der Befreiungsschlag? Adler Ellinghorst \u2013 SV Zweckel II 0:1 (0:0) Das erste Heimspiel von Adler Ellinghorst nach ein Jahr Abstinenz in der Kreisliga B ging in die Hose. Gegen die Vertretung des [&hellip;]<\/p>\n","protected":false},"author":3,"featured_media":3524,"comment_status":"open","ping_status":"open","sticky":false,"template":"","format":"standard","meta":{"_jetpack_memberships_contains_paid_content":false,"footnotes":"","jetpack_publicize_message":"","jetpack_publicize_feature_enabled":true,"jetpack_social_post_already_shared":false,"jetpack_social_options":{"image_generator_settings":{"template":"highway","default_image_id":0,"font":"","enabled":false},"version":2}},"categories":[20],"tags":[],"class_list":["post-3522","post","type-post","status-publish","format-standard","has-post-thumbnail","hentry","category-2-mannschaft"],"jetpack_publicize_connections":[],"jetpack_featured_media_url":"https:\/\/i0.wp.com\/www.svzweckel.de\/wp-content\/uploads\/2015\/08\/20150823_145529.jpg?fit=1024%2C576&ssl=1","jetpack_sharing_enabled":true,"_links":{"self":[{"href":"https:\/\/www.svzweckel.de\/index.php?rest_route=\/wp\/v2\/posts\/3522","targetHints":{"allow":["GET"]}}],"collection":[{"href":"https:\/\/www.svzweckel.de\/index.php?rest_route=\/wp\/v2\/posts"}],"about":[{"href":"https:\/\/www.svzweckel.de\/index.php?rest_route=\/wp\/v2\/types\/post"}],"author":[{"embeddable":true,"href":"https:\/\/www.svzweckel.de\/index.php?rest_route=\/wp\/v2\/users\/3"}],"replies":[{"embeddable":true,"href":"https:\/\/www.svzweckel.de\/index.php?rest_route=%2Fwp%2Fv2%2Fcomments&post=3522"}],"version-history":[{"count":0,"href":"https:\/\/www.svzweckel.de\/index.php?rest_route=\/wp\/v2\/posts\/3522\/revisions"}],"wp:featuredmedia":[{"embeddable":true,"href":"https:\/\/www.svzweckel.de\/index.php?rest_route=\/wp\/v2\/media\/3524"}],"wp:attachment":[{"href":"https:\/\/www.svzweckel.de\/index.php?rest_route=%2Fwp%2Fv2%2Fmedia&parent=3522"}],"wp:term":[{"taxonomy":"category","embeddable":true,"href":"https:\/\/www.svzweckel.de\/index.php?rest_route=%2Fwp%2Fv2%2Fcategories&post=3522"},{"taxonomy":"post_tag","embeddable":true,"href":"https:\/\/www.svzweckel.de\/index.php?rest_route=%2Fwp%2Fv2%2Ftags&post=3522"}],"curies":[{"name":"wp","href":"https:\/\/api.w.org\/{rel}","templated":true}]}}