{"id":3579,"date":"2015-09-06T17:06:00","date_gmt":"2015-09-06T17:06:00","guid":{"rendered":"http:\/\/www.svzweckel.de\/?p=3579"},"modified":"2015-09-06T17:06:13","modified_gmt":"2015-09-06T17:06:13","slug":"zweckel-ii-gewinnt-das-derby-gegen-preussen-gladbeck-waz-vom-06-09-15","status":"publish","type":"post","link":"https:\/\/www.svzweckel.de\/?p=3579","title":{"rendered":"Zweckel II gewinnt das Derby gegen Preu\u00dfen Gladbeck (WAZ vom 06.09.15)"},"content":{"rendered":"<div>\n<p>Die Zweitvertretung des SV Zweckel feierte in der Fu\u00dfball-Kreisliga A1 einen 1:0 (1:0)-Derbysieg \u00fcber SG Preu\u00dfen Gladbeck.<\/p>\n<p>Die Reserve des SV Zweckel ist in Derbylaune. Nach dem Sieg \u00fcber Adler Ellinghorst in der vergangenen Woche fuhr die Mannschaft von Trainer Mike Theis nun den zweiten Dreier in Serie ein. Im Heimspiel gegen SG Preu\u00dfen Gladbeck gl\u00e4nzten die Gastgeber einmal mehr mit Minimalismus-Fu\u00dfball und bezwangen die Schwarz-Gelben mit 1:0.<\/p>\n<p>SV Zweckel II &#8211; SG Preu\u00dfen Gladbeck 1:0 (1:0)<\/p>\n<p>SV Zweckel II: Scheuplein, Flohr, Beselvi, Dreiskemper, C. Jungnickel, Kapusuz (75. Rach), Karaca (60. Ceylan), Schluck, Durmaz (60. Uludag), Aldirmaz, Yiyit.<\/p>\n<p>SG Preu\u00dfen: D\u00f6rnemann, Hilz, Saado, El Aidi, Piekny (75. O. Balci), Wagner, U. Balci, Zec, Yagli, Skerra, Askin (65. Ko. Noack).<\/p>\n<p>Tore: 1:0 Karaca (41.).<\/p>\n<p>Bes. Vorkommnisse: D\u00f6rnemann h\u00e4lt Elfmeter von Durmaz (20.).<br \/>\nZweckel II verschie\u00dft Elfmeter<\/p>\n<p>Es war wahrlich kein gutes Fu\u00dfballspiel an der Dorstener Stra\u00dfe und dann und wann d\u00fcrften die Zuschauer geglaubt haben, im Schauspielhaus gelandet zu sein. Auf beiden Seiten gab\u2019s Schwalben und sterbende Schw\u00e4ne in Perfektion &#8211; die Kontrahenten standen sich sowohl am Ball als auch in ihren Einlagen in nichts nach.<\/p>\n<p>Fu\u00dfball gespielt wurde aber auch noch. Dies zwar wenig ansehnlich, doch vor allem die Hausherren zeigten sich bem\u00fcht und wurden immer wieder durch ruhende B\u00e4lle gef\u00e4hrlich. Enis Yiyit hatte die erste Chancen f\u00fcr den SV Zweckel, doch die Latte stand dem Torerfolg im Weg. Anschlie\u00dfend wuselte sich SVZ-St\u00fcrmer Mert Durmaz durch den Preu\u00dfen-Strafraum und wurde von Mert Yagli gelegt. Der Gefoulte trat selbst zum Strafsto\u00df an und vergab (20.).<\/p>\n<p>Noch spielten die G\u00e4ste nicht mit. Dies \u00e4nderte sich erst nach 27 Minuten. Ein langer Ball von SGP-Kapit\u00e4n Koder Saado erreichte Dennis Wagner, der einen Volleyschuss auf das Tor von SVZ-Keeper Christian Scheuplein angab. Der hatte jedoch keine Probleme mit diesem Flatterball. Es passierte wahrlich nicht viel auf dem mit Pf\u00fctzen \u00fcbers\u00e4ten Asche-Untergrund. Bis zur 40. Spielminute: Der Zweckeler Angriff setzte im Kollektiv nach, \u00fcbte Druck aus und Kacara stolperte irgendwann den Ball \u00fcber die Linie &#8211; die verdiente F\u00fchrung f\u00fcr die Gr\u00fcnhemden (41.).<\/p>\n<p>Nach dem Seitenwechsel \u00e4nderte sich nicht viel: Den Preu\u00dfen fehlte weiterhin eine konstruktive Spielidee. Zudem schien es, als wollte sich so manch SGP-Akteur einfach nicht mit der Asche arrangieren. \u201eDiesen Eindruck hatte ich auch\u201c, schimpfte sp\u00e4ter SGP-Coach Michael Sandmann.<\/p>\n<p>Eine nennenswerte Szene auf Seiten der Schwarz-Gelben gab es aber doch noch: Koder Saado schoss nach guter Vorarbeit von Umut Balci auf das Zweckeler Geh\u00e4use, doch Scheuplein reagierte gl\u00e4nzend auf der Linie und hielt die knappe F\u00fchrung fest (59.). In der Folge verteidigte die Zweckeler Reserve souver\u00e4n und lie\u00df noch beste Chancen in Person von Yiyit aus (90. +1.; 90. +2.). Sei\u2019s drum &#8211; am Ende war der Heimsieg alleine durch die k\u00e4mpferische Vorstellung der Theis-Elf verdient.<\/p>\n<\/div>\n","protected":false},"excerpt":{"rendered":"<p>Die Zweitvertretung des SV Zweckel feierte in der Fu\u00dfball-Kreisliga A1 einen 1:0 (1:0)-Derbysieg \u00fcber SG Preu\u00dfen Gladbeck. Die Reserve des SV Zweckel ist in Derbylaune. Nach dem Sieg \u00fcber Adler Ellinghorst in der vergangenen Woche fuhr die Mannschaft von Trainer Mike Theis nun den zweiten Dreier in Serie ein. Im Heimspiel gegen SG Preu\u00dfen Gladbeck [&hellip;]<\/p>\n","protected":false},"author":3,"featured_media":3581,"comment_status":"open","ping_status":"open","sticky":false,"template":"","format":"standard","meta":{"_jetpack_memberships_contains_paid_content":false,"footnotes":"","jetpack_publicize_message":"","jetpack_publicize_feature_enabled":true,"jetpack_social_post_already_shared":false,"jetpack_social_options":{"image_generator_settings":{"template":"highway","default_image_id":0,"font":"","enabled":false},"version":2}},"categories":[20],"tags":[],"class_list":["post-3579","post","type-post","status-publish","format-standard","has-post-thumbnail","hentry","category-2-mannschaft"],"jetpack_publicize_connections":[],"jetpack_featured_media_url":"https:\/\/i0.wp.com\/www.svzweckel.de\/wp-content\/uploads\/2015\/09\/SVZ_Preu%C3%9Fen.jpg?fit=616%2C225&ssl=1","jetpack_sharing_enabled":true,"_links":{"self":[{"href":"https:\/\/www.svzweckel.de\/index.php?rest_route=\/wp\/v2\/posts\/3579","targetHints":{"allow":["GET"]}}],"collection":[{"href":"https:\/\/www.svzweckel.de\/index.php?rest_route=\/wp\/v2\/posts"}],"about":[{"href":"https:\/\/www.svzweckel.de\/index.php?rest_route=\/wp\/v2\/types\/post"}],"author":[{"embeddable":true,"href":"https:\/\/www.svzweckel.de\/index.php?rest_route=\/wp\/v2\/users\/3"}],"replies":[{"embeddable":true,"href":"https:\/\/www.svzweckel.de\/index.php?rest_route=%2Fwp%2Fv2%2Fcomments&post=3579"}],"version-history":[{"count":0,"href":"https:\/\/www.svzweckel.de\/index.php?rest_route=\/wp\/v2\/posts\/3579\/revisions"}],"wp:featuredmedia":[{"embeddable":true,"href":"https:\/\/www.svzweckel.de\/index.php?rest_route=\/wp\/v2\/media\/3581"}],"wp:attachment":[{"href":"https:\/\/www.svzweckel.de\/index.php?rest_route=%2Fwp%2Fv2%2Fmedia&parent=3579"}],"wp:term":[{"taxonomy":"category","embeddable":true,"href":"https:\/\/www.svzweckel.de\/index.php?rest_route=%2Fwp%2Fv2%2Fcategories&post=3579"},{"taxonomy":"post_tag","embeddable":true,"href":"https:\/\/www.svzweckel.de\/index.php?rest_route=%2Fwp%2Fv2%2Ftags&post=3579"}],"curies":[{"name":"wp","href":"https:\/\/api.w.org\/{rel}","templated":true}]}}