{"id":3612,"date":"2015-09-12T17:47:26","date_gmt":"2015-09-12T17:47:26","guid":{"rendered":"http:\/\/www.svzweckel.de\/?p=3612"},"modified":"2015-09-12T17:49:04","modified_gmt":"2015-09-12T17:49:04","slug":"rerserve-bei-yeg-hassel","status":"publish","type":"post","link":"https:\/\/www.svzweckel.de\/?p=3612","title":{"rendered":"Rerserve bei YEG Hassel zu Gast"},"content":{"rendered":"<p>Sonntag, 13.09.15, 13:00 Uhr: YEG Hassel II &#8211; SV Zweckel II<\/p>\n<p>Nach dem letzten Sieg am vergangenen Sonntag im Derby gegen die Preu\u00dfen sind die Zweckeler mit Trainer Mike Theis gut in die Saison gestartet. Mit sieben Punkten aus vier Spielen haben die Schwarz-Gr\u00fcnen Tuchf\u00fchlung an das obere Tabellendrittel.<br \/>\nAm Sonntag haben die Zweckeler eine ganz schwere Aufgabe zu bew\u00e4ltigen. Der Spitzenreiter YEG Hassel ist Gastgeber und gl\u00e4nzte bisher mit einer optimalen Punkteausbeute. mit 20:0 Treffern haben die Hasseler nach drei Spielen noch eine bl\u00fctenwei\u00dfe Weste.<\/p>\n<p>Der SV Zweckel wird mit viel Kampfkraft dagegen halten m\u00fcssen, um in Hassel etwas holen zu k\u00f6nnen. Unter der Woche hat die Mannschaft hervorragend trainiert und kann sich am Sonntag daf\u00fcr belohnen. Die Stimmung in der Mannschaft scheint zu stimmen, denn am Freitag fanden sich immerhin 24 Spieler zum Training ein.<\/p>\n","protected":false},"excerpt":{"rendered":"<p>Sonntag, 13.09.15, 13:00 Uhr: YEG Hassel II &#8211; SV Zweckel II Nach dem letzten Sieg am vergangenen Sonntag im Derby gegen die Preu\u00dfen sind die Zweckeler mit Trainer Mike Theis gut in die Saison gestartet. Mit sieben Punkten aus vier Spielen haben die Schwarz-Gr\u00fcnen Tuchf\u00fchlung an das obere Tabellendrittel. Am Sonntag haben die Zweckeler eine [&hellip;]<\/p>\n","protected":false},"author":3,"featured_media":3613,"comment_status":"open","ping_status":"open","sticky":false,"template":"","format":"standard","meta":{"_jetpack_memberships_contains_paid_content":false,"footnotes":"","jetpack_publicize_message":"","jetpack_publicize_feature_enabled":true,"jetpack_social_post_already_shared":false,"jetpack_social_options":{"image_generator_settings":{"template":"highway","default_image_id":0,"font":"","enabled":false},"version":2}},"categories":[20],"tags":[],"class_list":["post-3612","post","type-post","status-publish","format-standard","has-post-thumbnail","hentry","category-2-mannschaft"],"jetpack_publicize_connections":[],"jetpack_featured_media_url":"https:\/\/i0.wp.com\/www.svzweckel.de\/wp-content\/uploads\/2015\/09\/2015-09-11-19.09.43.jpg?fit=1024%2C576&ssl=1","jetpack_sharing_enabled":true,"_links":{"self":[{"href":"https:\/\/www.svzweckel.de\/index.php?rest_route=\/wp\/v2\/posts\/3612","targetHints":{"allow":["GET"]}}],"collection":[{"href":"https:\/\/www.svzweckel.de\/index.php?rest_route=\/wp\/v2\/posts"}],"about":[{"href":"https:\/\/www.svzweckel.de\/index.php?rest_route=\/wp\/v2\/types\/post"}],"author":[{"embeddable":true,"href":"https:\/\/www.svzweckel.de\/index.php?rest_route=\/wp\/v2\/users\/3"}],"replies":[{"embeddable":true,"href":"https:\/\/www.svzweckel.de\/index.php?rest_route=%2Fwp%2Fv2%2Fcomments&post=3612"}],"version-history":[{"count":0,"href":"https:\/\/www.svzweckel.de\/index.php?rest_route=\/wp\/v2\/posts\/3612\/revisions"}],"wp:featuredmedia":[{"embeddable":true,"href":"https:\/\/www.svzweckel.de\/index.php?rest_route=\/wp\/v2\/media\/3613"}],"wp:attachment":[{"href":"https:\/\/www.svzweckel.de\/index.php?rest_route=%2Fwp%2Fv2%2Fmedia&parent=3612"}],"wp:term":[{"taxonomy":"category","embeddable":true,"href":"https:\/\/www.svzweckel.de\/index.php?rest_route=%2Fwp%2Fv2%2Fcategories&post=3612"},{"taxonomy":"post_tag","embeddable":true,"href":"https:\/\/www.svzweckel.de\/index.php?rest_route=%2Fwp%2Fv2%2Ftags&post=3612"}],"curies":[{"name":"wp","href":"https:\/\/api.w.org\/{rel}","templated":true}]}}