{"id":3617,"date":"2015-09-13T11:51:23","date_gmt":"2015-09-13T11:51:23","guid":{"rendered":"http:\/\/www.svzweckel.de\/?p=3617"},"modified":"2015-09-16T10:39:41","modified_gmt":"2015-09-16T10:39:41","slug":"a-junioren-erkaempfen-sich-ein-remis-gegen-wanne-eickel","status":"publish","type":"post","link":"https:\/\/www.svzweckel.de\/?p=3617","title":{"rendered":"A-Junioren erk\u00e4mpfen sich ein Remis gegen Wanne-Eickel"},"content":{"rendered":"<p><strong>SV Zweckel &#8211; DSC Wanne-Eickel 1:1 (1:0)<\/strong><\/p>\n<p>Mit einer starken k\u00e4mpferischen Leistung erk\u00e4mpften sich die Zweckeler ein Unentschieden gegen den DSC, der immerhin mit zwei Siegen aus den ersten drei Spielen aufwarten konnte. Die A-Junioren machen den K\u00e4fig offensichtlich zur Festung, denn trotz optischer \u00dcberlegenheit konnten die G\u00e4ste kaum zwingende Torchancen erarbeiten. In erster Linie war daf\u00fcr die Abwehrreihe mit Jonas Ortman und Berkay Cetin in der Zentrale und mit Cevahir Ceylan und Burak Yildiz auf den Au\u00dfenpositionen verantwortlich. Der B-Junior Berkay Cetin, der schon im letzten Spiel der A-Junioren ausgeholfen hatte, prallte in der 30. Minute ungl\u00fccklich mit einem Mitspieler zusammen und musste mit dem Rettungswagen einem Krankenhaus zugef\u00fchrt werden.<\/p>\n<p><strong>Berkay, die Mannschaft w\u00fcnscht Dir auf diesem Wege alles Gute und hofft auf baldige Genesung, so dass Du schnellstm\u00f6glich wieder dabei sein kannst!<\/strong><\/p>\n<p><strong>Am Sonntagnachmittag wurde bekannt, dass Nico M\u00fcller, der verletzungsbedingt ausgewechselt wurde, auf Grund dieser Verletzung operiert werden muss. Danach werden mindestens acht Wochen Ruhezeit verordnet. Nico, auch Dir alles Gute f\u00fcr die n\u00e4chsten Wochen!<\/strong><\/p>\n<p>Nach einem tollen Angriff gingen die Platzherren in der 38. Minute in F\u00fchrung. Nico M\u00fcller versenkte aus gut 8 Metern zur \u00fcberraschenden F\u00fchrung f\u00fcr den SV Zweckel. Mit diesem Ergebnis wurden die Seiten gewechselt. Da die Ersatzbank der Zweckeler seit Wochen mehr als \u00fcberschaubar ist, durfte der zweite Torh\u00fcter des SVZ, Dario Schierenberg, schon in der ersten Halbzeit ran.<br \/>\nIn der 50. Minute kamen die G\u00e4ste zum verdienten Ausgleich, als ein Eckball auf dem zweiten Pfosten nicht richtig verteidigt wurde. Anschlie\u00dfend machten die Wanner mehr Druck, konnten aber das durch Dominik Bicker gut geh\u00fctete Tor der Zweckeler kaum in Gefahr bringen. In der 73. Minute musste auch noch der vierte B-Junior, Timon Reschke, bei der A-Jungend aushelfen, weil Nico M\u00fcller verletzt vom Feld ging.<br \/>\nZwei Minute vor Schluss vergaben die G\u00e4ste eine ihrer wenigen guten Gelegenheiten, weil der G\u00e4stest\u00fcrmer den Kopfball in aussichtsreicher Position \u00fcber das Tor setzte. Mit dem Schlusspfiff h\u00e4tten die Gastgeber noch das Siegtor erzielen k\u00f6nnen. Johannes Wloch spielte mit Timon Reschke einen Doppelpass, tankte sich an der linken Au\u00dfenbahn durch und lief auf den Torh\u00fcter zu. Seinen Querpass auf den freien Mitspieler konnte dieser aus 5 Metern jedoch nicht im Tor unterbringen und den Nachschuss brachte Dario Schierenberg leider aus drei Metern auch nicht im gegnerischen Geh\u00e4use unter. Doch statt Vorw\u00fcrfen waren mit dem Schlusspfiff nur aufmunternde Worte zu h\u00f6ren, denn das Unentschieden ist sicher gerecht, auch wenn der SVZ den Sieg gerne mitgenommen h\u00e4tte.<\/p>\n","protected":false},"excerpt":{"rendered":"<p>SV Zweckel &#8211; DSC Wanne-Eickel 1:1 (1:0) Mit einer starken k\u00e4mpferischen Leistung erk\u00e4mpften sich die Zweckeler ein Unentschieden gegen den DSC, der immerhin mit zwei Siegen aus den ersten drei Spielen aufwarten konnte. Die A-Junioren machen den K\u00e4fig offensichtlich zur Festung, denn trotz optischer \u00dcberlegenheit konnten die G\u00e4ste kaum zwingende Torchancen erarbeiten. In erster Linie [&hellip;]<\/p>\n","protected":false},"author":3,"featured_media":3622,"comment_status":"open","ping_status":"open","sticky":false,"template":"","format":"standard","meta":{"_jetpack_memberships_contains_paid_content":false,"footnotes":"","jetpack_publicize_message":"","jetpack_publicize_feature_enabled":true,"jetpack_social_post_already_shared":false,"jetpack_social_options":{"image_generator_settings":{"template":"highway","default_image_id":0,"font":"","enabled":false},"version":2}},"categories":[26],"tags":[],"class_list":["post-3617","post","type-post","status-publish","format-standard","has-post-thumbnail","hentry","category-a-junioren"],"jetpack_publicize_connections":[],"jetpack_featured_media_url":"https:\/\/i0.wp.com\/www.svzweckel.de\/wp-content\/uploads\/2015\/09\/2015-09-13-11.20.38.jpg?fit=1024%2C576&ssl=1","jetpack_sharing_enabled":true,"_links":{"self":[{"href":"https:\/\/www.svzweckel.de\/index.php?rest_route=\/wp\/v2\/posts\/3617","targetHints":{"allow":["GET"]}}],"collection":[{"href":"https:\/\/www.svzweckel.de\/index.php?rest_route=\/wp\/v2\/posts"}],"about":[{"href":"https:\/\/www.svzweckel.de\/index.php?rest_route=\/wp\/v2\/types\/post"}],"author":[{"embeddable":true,"href":"https:\/\/www.svzweckel.de\/index.php?rest_route=\/wp\/v2\/users\/3"}],"replies":[{"embeddable":true,"href":"https:\/\/www.svzweckel.de\/index.php?rest_route=%2Fwp%2Fv2%2Fcomments&post=3617"}],"version-history":[{"count":0,"href":"https:\/\/www.svzweckel.de\/index.php?rest_route=\/wp\/v2\/posts\/3617\/revisions"}],"wp:featuredmedia":[{"embeddable":true,"href":"https:\/\/www.svzweckel.de\/index.php?rest_route=\/wp\/v2\/media\/3622"}],"wp:attachment":[{"href":"https:\/\/www.svzweckel.de\/index.php?rest_route=%2Fwp%2Fv2%2Fmedia&parent=3617"}],"wp:term":[{"taxonomy":"category","embeddable":true,"href":"https:\/\/www.svzweckel.de\/index.php?rest_route=%2Fwp%2Fv2%2Fcategories&post=3617"},{"taxonomy":"post_tag","embeddable":true,"href":"https:\/\/www.svzweckel.de\/index.php?rest_route=%2Fwp%2Fv2%2Ftags&post=3617"}],"curies":[{"name":"wp","href":"https:\/\/api.w.org\/{rel}","templated":true}]}}