{"id":3721,"date":"2015-09-16T16:11:23","date_gmt":"2015-09-16T16:11:23","guid":{"rendered":"http:\/\/www.svzweckel.de\/?p=3721"},"modified":"2015-09-16T16:12:14","modified_gmt":"2015-09-16T16:12:14","slug":"zweckeler-enes-yiyit-will-mit-der-sv-reserve-aufsteigen","status":"publish","type":"post","link":"https:\/\/www.svzweckel.de\/?p=3721","title":{"rendered":"Zweckeler Enes Yiyit will mit der SV-Reserve aufsteigen"},"content":{"rendered":"<div>\n<p>Im vergangenen Jahr kickte Enes Yiyit noch f\u00fcr die Jugend des SV Zweckel. Nun m\u00f6chte er mit der zweiten Senioren-Mannschaft Erfolg haben.<\/p>\n<p>Enes Yiyit (19) ist erst seit kurzen im Seniorenbereich des Amateurfu\u00dfballs angekommen, doch schon nach f\u00fcnf Spieltagen hat der St\u00fcrmer von Zweckel II alle Blicke auf sich gezogen. An mehr als der H\u00e4lfte aller SVZ-Tore war Yiyit beteiligt. Im Spieltagsinterview mit WAZ-Mitarbeiter Steffen Bender spricht der junge Goalgetter \u00fcber seine erste Saison als Senior, seine Torgefahr und die Ziele mit der Zweckeler-Reserve.<\/p>\n<p>Herr Yiyit, nach zwei Derbysiegen in Serie gab es j\u00fcngst eine 1:2-Niederlage gegen Spitzenreiter YEG Hassel II. Wie bitter war diese Pleite?<\/p>\n<p>Ein Unentschieden w\u00e4re verdient gewesen, wenn nicht sogar der Ausw\u00e4rtssieg f\u00fcr uns. Wir haben zwar die erste halbe Stunde verschlafen, doch kurz vor dem Seitenwechsel und im zweiten Durchgang waren wir die bessere Mannschaft. Leider haben wir unsere vielen Torchancen nicht genutzt.<\/p>\n<p>Wussten Sie eigentlich, dass Sie der Erste waren, der die YEG-Defensive bezwingen konnte. Bis Dato war Hassel noch ohne Gegentor.<\/p>\n<p>Nein, das wusste ich nicht. Es war aber auch nichts besonderes f\u00fcr mich. Tore werden f\u00fcr die Mannschaft geschossen und nicht f\u00fcr einen selbst. Es ist egal,wer sie am Ende macht.<\/p>\n<p>Sie waren an den letzten drei von insgesamt f\u00fcnf Toren beteiligt. Woher kommt eigentlich Ihre Torgefahr?<\/p>\n<p>Schon in der A-Jugend habe ich h\u00e4ufig getroffen. Damals im Jungjahrgang sogar 34 Mal. Ich f\u00fchre auch die Standardsituationen unseres Teams aus und auch dadurch bin ich gef\u00e4hrlich.<\/p>\n<p>Apropos Standards: Nach Ihrer Einwechslung gegen Adler Ellinghorst haben Sie mit einem direktverwandelten Freisto\u00df f\u00fcr den Sieg gesorgt. Was war das f\u00fcr ein Gef\u00fchl?<\/p>\n<p>Das war ein sehr sch\u00f6nes Gef\u00fchl. Siege f\u00fchlen sich immer gut an, aber der Siegtorsch\u00fctze zu sein, f\u00fchlt sich dann noch einmal besser an. Schon als ich mir den Ball hingelegt habe, sp\u00fcrte ich, dass ich ihn rein machen werde. Der erste Versuch wurde zuvor noch wegen einer Abseitsstellung abgepfiffen.<\/p>\n<p>Im letzten Jahr kickten Sie noch in der A-Jugend und machten gemeinsam mit der Mannschaft den Aufstieg in die Bezirksliga perfekt. \u00c4rgern Sie sich jetzt, dass Sie in dieser Klasse nicht mitspielen d\u00fcrfen?<\/p>\n<p>Die A-Vertretung war eine sehr gute Mannschaft, aber ich muss zugeben, dass ich bei den Senioren mehr Spa\u00df habe. Hier haben die Spieler mehr Erfahrung. Da lerne ich mehr und derzeit bin ich sogar der J\u00fcngste in der Mannschaft. Wir helfen einander viel.<\/p>\n<p>Sie spielen nun schon l\u00e4nger unter Trainer Mike Theis. Was macht Ihn als Coach aus?<\/p>\n<p>Mike Theis ist ein Bombentrainer. Wir kennen uns seit Jahren, k\u00f6nnen uns gut leiden und das sp\u00fcren wir auch beide auf dem Feld. Er hat seinen Teil zum Aufstieg der A-Junioren beigetragen. Seine taktischen Vorgaben konnten wir stets gut umsetzen.<\/p>\n<p>Aus den ersten f\u00fcnf Partien gab es nun sieben Z\u00e4hler f\u00fcr Ihre Mannschaft. Sind Sie zufrieden mit dem Saisonstart?<\/p>\n<p>Das war okay. Der Auftakt war nicht ganz so erfolgreich. Aber zuletzt lief es und so werden wir weitermachen. Wenn alle gesperrten und verletzten Jungs wieder an Board sind, werden wir noch besser sein. Unser Ziel ist es ganz oben mitzuspielen und aufzusteigen.<\/p>\n<p>Sie wollen aufsteigen mit der Mannschaft? Ist das denn realistisch?<\/p>\n<p>Wir gehen immer auf den Platz, um zu gewinnen. Ganz egal gegen wen wir auch spielen, am Ende z\u00e4hlen nur die drei Punkte. Gelingt uns das, werden wir an den letzten Spieltagen auch an der Spitze stehen. Daf\u00fcr k\u00e4mpfen und trainieren wir jede Woche sehr hart.<\/p>\n<\/div>\n","protected":false},"excerpt":{"rendered":"<p>Im vergangenen Jahr kickte Enes Yiyit noch f\u00fcr die Jugend des SV Zweckel. Nun m\u00f6chte er mit der zweiten Senioren-Mannschaft Erfolg haben. Enes Yiyit (19) ist erst seit kurzen im Seniorenbereich des Amateurfu\u00dfballs angekommen, doch schon nach f\u00fcnf Spieltagen hat der St\u00fcrmer von Zweckel II alle Blicke auf sich gezogen. An mehr als der H\u00e4lfte [&hellip;]<\/p>\n","protected":false},"author":3,"featured_media":3723,"comment_status":"open","ping_status":"open","sticky":false,"template":"","format":"standard","meta":{"_jetpack_memberships_contains_paid_content":false,"footnotes":"","jetpack_publicize_message":"","jetpack_publicize_feature_enabled":true,"jetpack_social_post_already_shared":false,"jetpack_social_options":{"image_generator_settings":{"template":"highway","default_image_id":0,"font":"","enabled":false},"version":2}},"categories":[20],"tags":[],"class_list":["post-3721","post","type-post","status-publish","format-standard","has-post-thumbnail","hentry","category-2-mannschaft"],"jetpack_publicize_connections":[],"jetpack_featured_media_url":"https:\/\/i0.wp.com\/www.svzweckel.de\/wp-content\/uploads\/2015\/09\/Enes-Yiyit.jpg?fit=616%2C225&ssl=1","jetpack_sharing_enabled":true,"_links":{"self":[{"href":"https:\/\/www.svzweckel.de\/index.php?rest_route=\/wp\/v2\/posts\/3721","targetHints":{"allow":["GET"]}}],"collection":[{"href":"https:\/\/www.svzweckel.de\/index.php?rest_route=\/wp\/v2\/posts"}],"about":[{"href":"https:\/\/www.svzweckel.de\/index.php?rest_route=\/wp\/v2\/types\/post"}],"author":[{"embeddable":true,"href":"https:\/\/www.svzweckel.de\/index.php?rest_route=\/wp\/v2\/users\/3"}],"replies":[{"embeddable":true,"href":"https:\/\/www.svzweckel.de\/index.php?rest_route=%2Fwp%2Fv2%2Fcomments&post=3721"}],"version-history":[{"count":0,"href":"https:\/\/www.svzweckel.de\/index.php?rest_route=\/wp\/v2\/posts\/3721\/revisions"}],"wp:featuredmedia":[{"embeddable":true,"href":"https:\/\/www.svzweckel.de\/index.php?rest_route=\/wp\/v2\/media\/3723"}],"wp:attachment":[{"href":"https:\/\/www.svzweckel.de\/index.php?rest_route=%2Fwp%2Fv2%2Fmedia&parent=3721"}],"wp:term":[{"taxonomy":"category","embeddable":true,"href":"https:\/\/www.svzweckel.de\/index.php?rest_route=%2Fwp%2Fv2%2Fcategories&post=3721"},{"taxonomy":"post_tag","embeddable":true,"href":"https:\/\/www.svzweckel.de\/index.php?rest_route=%2Fwp%2Fv2%2Ftags&post=3721"}],"curies":[{"name":"wp","href":"https:\/\/api.w.org\/{rel}","templated":true}]}}