{"id":3732,"date":"2015-09-20T16:06:56","date_gmt":"2015-09-20T16:06:56","guid":{"rendered":"http:\/\/www.svzweckel.de\/?p=3732"},"modified":"2015-09-20T16:20:34","modified_gmt":"2015-09-20T16:20:34","slug":"minimalisten-spielen-wieder-zu-null","status":"publish","type":"post","link":"https:\/\/www.svzweckel.de\/?p=3732","title":{"rendered":"Minimalisten spielen wieder zu Null"},"content":{"rendered":"<p><strong>SV Zweckel II &#8211; Spvgg Middelich-Resse 1:0 (0:0)<\/strong><\/p>\n<p>Schon zum dritten Mal in dieser noch jungen Saison gewann die Reserve des SV Zweckel mit dem knappsten aller Ergebnisse. Nach hartem Kampf und mit einigen Blessuren ging die Mannschaft von Trainer Mike Theis als Sieger vom Feld.<br \/>\nDer Gast aus Resse ging rustikal zu Werke, was sicher auch mit dem Trainer Karl Englich zusammen h\u00e4ngt, der in der Vergangenheit auch mit anderen Mannschaften eine h\u00e4rtere Gangart an den Tag legte. Es dauerte in der ersten Halbzeit eine Weile, bis sich der Gastgeber an das kampfbetonte Spiel gewohnt hatten, nahmen dann aber diese Spielweise an und fighteten um jeden Zentimeter. Das Match wurde dadurch immer intensiver, wenn es auch keine spielerischen Glanzpunkte gab. Das war am heutigen Sonntagnachmittag aber allen Beteiligten schon nach wenigen Minuten klar.<br \/>\nZur Halbzeit musste Mert Durmaz verletzungsbedingt den Platz verlassen, f\u00fcr ihn kam Nihat Uludag. Nach dem Seitenwechsel setzte sich Bejamin Flohr hervorragend auf der Seite durch und passte in der 50. Minute zu Enes Yiyit, der den Ball nur noch in das leere Tor einschieben musste. Mit der F\u00fchrung wurden die Aktionen der G\u00e4ste noch etwas ruppiger und der meistens gut aufgelegte Schiedsrichter\u00a0Markus Mertens aus dem Niederrheinkreis 10 Oberhausen \/ Bottrop bekam nun eine Menge zu tun. Er konnte leider auch nicht jede Nickeligkeit sehen, so dass im Laufe der zweiten Halbzeit doch einige Verletzungen kuriert werden mussten. Die schlimmste ist hierbei sicher der vermutliche Nasenbeinbruch von Enes Aldirmaz, der in diesen Stunden schon im Krankenhaus behandelt werden m\u00fcsste.<br \/>\nDoch von alledem lie\u00dfen sich die Platzherren nicht beeindrucken, so das am Ende ein knapper aber auch \u00fcberzeugender Sieg der Zweckeler Reserve stand, die kaum Torchancen der G\u00e4ste zulie\u00dfen. Auf der anderen Seite vers\u00e4umten es Enes Yiyit und seine Sturmkollegen, den &#8222;Sacke zu zumachen&#8220;, denn die sich bietenden Konterchancen wurden leider liderlich zu Ende gespielt.<\/p>\n<p>Mit nunmehr drei Siegen und Tabellenplatz 6 ist die Reserve nun voll im Soll und gut in die Saison gestartet.<\/p>\n","protected":false},"excerpt":{"rendered":"<p>SV Zweckel II &#8211; Spvgg Middelich-Resse 1:0 (0:0) Schon zum dritten Mal in dieser noch jungen Saison gewann die Reserve des SV Zweckel mit dem knappsten aller Ergebnisse. Nach hartem Kampf und mit einigen Blessuren ging die Mannschaft von Trainer Mike Theis als Sieger vom Feld. Der Gast aus Resse ging rustikal zu Werke, was [&hellip;]<\/p>\n","protected":false},"author":3,"featured_media":3735,"comment_status":"open","ping_status":"open","sticky":false,"template":"","format":"standard","meta":{"_jetpack_memberships_contains_paid_content":false,"footnotes":"","jetpack_publicize_message":"","jetpack_publicize_feature_enabled":true,"jetpack_social_post_already_shared":false,"jetpack_social_options":{"image_generator_settings":{"template":"highway","default_image_id":0,"font":"","enabled":false},"version":2}},"categories":[20],"tags":[],"class_list":["post-3732","post","type-post","status-publish","format-standard","has-post-thumbnail","hentry","category-2-mannschaft"],"jetpack_publicize_connections":[],"jetpack_featured_media_url":"https:\/\/i0.wp.com\/www.svzweckel.de\/wp-content\/uploads\/2015\/09\/20150920_164822.jpg?fit=1024%2C576&ssl=1","jetpack_sharing_enabled":true,"_links":{"self":[{"href":"https:\/\/www.svzweckel.de\/index.php?rest_route=\/wp\/v2\/posts\/3732","targetHints":{"allow":["GET"]}}],"collection":[{"href":"https:\/\/www.svzweckel.de\/index.php?rest_route=\/wp\/v2\/posts"}],"about":[{"href":"https:\/\/www.svzweckel.de\/index.php?rest_route=\/wp\/v2\/types\/post"}],"author":[{"embeddable":true,"href":"https:\/\/www.svzweckel.de\/index.php?rest_route=\/wp\/v2\/users\/3"}],"replies":[{"embeddable":true,"href":"https:\/\/www.svzweckel.de\/index.php?rest_route=%2Fwp%2Fv2%2Fcomments&post=3732"}],"version-history":[{"count":0,"href":"https:\/\/www.svzweckel.de\/index.php?rest_route=\/wp\/v2\/posts\/3732\/revisions"}],"wp:featuredmedia":[{"embeddable":true,"href":"https:\/\/www.svzweckel.de\/index.php?rest_route=\/wp\/v2\/media\/3735"}],"wp:attachment":[{"href":"https:\/\/www.svzweckel.de\/index.php?rest_route=%2Fwp%2Fv2%2Fmedia&parent=3732"}],"wp:term":[{"taxonomy":"category","embeddable":true,"href":"https:\/\/www.svzweckel.de\/index.php?rest_route=%2Fwp%2Fv2%2Fcategories&post=3732"},{"taxonomy":"post_tag","embeddable":true,"href":"https:\/\/www.svzweckel.de\/index.php?rest_route=%2Fwp%2Fv2%2Ftags&post=3732"}],"curies":[{"name":"wp","href":"https:\/\/api.w.org\/{rel}","templated":true}]}}