{"id":3862,"date":"2015-10-13T16:22:27","date_gmt":"2015-10-13T16:22:27","guid":{"rendered":"http:\/\/www.svzweckel.de\/?p=3862"},"modified":"2015-10-13T16:22:27","modified_gmt":"2015-10-13T16:22:27","slug":"sv-zweckel-steht-im-kreispokal-vor-einer-pflichtaufgabe-waz-vom-12-10-15","status":"publish","type":"post","link":"https:\/\/www.svzweckel.de\/?p=3862","title":{"rendered":"SV Zweckel steht im Kreispokal vor einer Pflichtaufgabe (WAZ vom 12.10.15)"},"content":{"rendered":"<p class=\"abstract \">Die Gr\u00fcnhemden empfangen an heimischer Spielst\u00e4tte den Bezirksligisten Westfalia Gelsenkirchen. Trainer Appelt: \u201eDas ist ein Spiel, das wir gewinnen m\u00fcssen.\u201c<\/p>\n<p>\u201eDer Pokal hat seine eigenen Gesetze\u201c \u2013 davon m\u00f6chte G\u00fcnter Appelt, Trainer des SV Zweckel, nichts wissen, wenn seine Oberliga-Elf am heutigen Dienstagabend auf heimischen Boden aufl\u00e4uft. Da treffen die Gr\u00fcnhemden n\u00e4mlich in der dritten Runde des Kreispokals an der Dorstener Stra\u00dfe auf Westfalia Gelsenkirchen. Die G\u00e4ste gehen in der Bezirksliga auf Punktejagd.<br \/>\nAppelt fordert den Pflichtsieg von seinen Sch\u00fctzlingen<\/p>\n<p>\u201eEin Heimspiel, das wir gewinnen m\u00fcssen. Ohne wenn und aber\u201c, stellt der Fu\u00dfballlehrer aus dem Gladbecker Norden vor der Partie klar. Schon in den vorherigen zwei Partien im Turnier lie\u00dfen die Zweckeler mit einem 5:2-Sieg bei Viktoria Resse und einem 5:3-Erfolg gegen Firtinaspor Gelsenkirchen nichts anbrennen. Nun soll Appelts Elf auch gegen den Tabellensiebten der Bezirksliga einen weiteren Schritt in Richtung Endspiel gehen.<\/p>\n<p>Dem SVZ-Linienchef kommt der Urlaub vom Ligaalltag derzeit sehr gelegen. \u201eIch glaube, dass wir uns gegen Westfalia den n\u00f6tigen Motivationsschub f\u00fcr das Spiel beim TuS Ennepetal am kommenden Sonntag holen k\u00f6nnen\u201c, erkl\u00e4rt Appelt mit Blick auf die Meisterschaft, \u201eDenn wir m\u00fcssen jetzt endlich auch \u2018mal einen Dreier holen\u201c, wei\u00df der SVZ-Coach.<\/p>\n<p><strong>Fokus liegt ganz klar auf dem Geschehen in der Liga<\/strong><\/p>\n<p>Der Pokalwettbewerb selbst hat f\u00fcr den \u00dcbungsleiter dennoch eher einen niedrigen Stellenwert: \u201eNat\u00fcrlich liegt unser Fokus auf der Liga. Das ist f\u00fcr mich einfach ein Pflichtspiel, an dessen Ende ein Sieg stehen muss. Und in dem ich ein wenig in der Aufstellung rotieren und taktisch neue Dinge ausprobieren kann\u201c, erkl\u00e4rt Appelt. Die SVZ-Akteure, die vielleicht sonst nicht so viel Einsatzzeit bekommen, werden da nat\u00fcrlich ber\u00fccksichtigt, so der Coach.<\/p>\n<p><strong>Ramadan Ibrahim kehrt nach Muskelfaserriss zur\u00fcck<\/strong><\/p>\n<p>Erfreulich f\u00fcr die Zweckeler ist, dass Mittelfeld-Allrounder Ramadan Ibrahim nach seinem Muskelfaserriss zur\u00fcck im Training ist und gegen die Gelsenkirchener eine Option ist und wohl wieder auflaufen kann. Anders sieht es bei Verteidiger Christian Kaminski aus, der nach seiner Verletzung an der Kniescheibe f\u00fcr l\u00e4ngere Zeit pausieren muss.<\/p>\n<p>Ansto\u00df an der Dorstener Stra\u00dfe ist um 19.30 Uhr.<\/p>\n","protected":false},"excerpt":{"rendered":"<p>Die Gr\u00fcnhemden empfangen an heimischer Spielst\u00e4tte den Bezirksligisten Westfalia Gelsenkirchen. Trainer Appelt: \u201eDas ist ein Spiel, das wir gewinnen m\u00fcssen.\u201c \u201eDer Pokal hat seine eigenen Gesetze\u201c \u2013 davon m\u00f6chte G\u00fcnter Appelt, Trainer des SV Zweckel, nichts wissen, wenn seine Oberliga-Elf am heutigen Dienstagabend auf heimischen Boden aufl\u00e4uft. Da treffen die Gr\u00fcnhemden n\u00e4mlich in der dritten [&hellip;]<\/p>\n","protected":false},"author":3,"featured_media":3864,"comment_status":"open","ping_status":"open","sticky":false,"template":"","format":"standard","meta":{"_jetpack_memberships_contains_paid_content":false,"footnotes":"","jetpack_publicize_message":"","jetpack_publicize_feature_enabled":true,"jetpack_social_post_already_shared":false,"jetpack_social_options":{"image_generator_settings":{"template":"highway","default_image_id":0,"font":"","enabled":false},"version":2}},"categories":[2],"tags":[],"class_list":["post-3862","post","type-post","status-publish","format-standard","has-post-thumbnail","hentry","category-1-mannschaft"],"jetpack_publicize_connections":[],"jetpack_featured_media_url":"https:\/\/i0.wp.com\/www.svzweckel.de\/wp-content\/uploads\/2015\/10\/Kaminski.jpg?fit=616%2C225&ssl=1","jetpack_sharing_enabled":true,"_links":{"self":[{"href":"https:\/\/www.svzweckel.de\/index.php?rest_route=\/wp\/v2\/posts\/3862","targetHints":{"allow":["GET"]}}],"collection":[{"href":"https:\/\/www.svzweckel.de\/index.php?rest_route=\/wp\/v2\/posts"}],"about":[{"href":"https:\/\/www.svzweckel.de\/index.php?rest_route=\/wp\/v2\/types\/post"}],"author":[{"embeddable":true,"href":"https:\/\/www.svzweckel.de\/index.php?rest_route=\/wp\/v2\/users\/3"}],"replies":[{"embeddable":true,"href":"https:\/\/www.svzweckel.de\/index.php?rest_route=%2Fwp%2Fv2%2Fcomments&post=3862"}],"version-history":[{"count":0,"href":"https:\/\/www.svzweckel.de\/index.php?rest_route=\/wp\/v2\/posts\/3862\/revisions"}],"wp:featuredmedia":[{"embeddable":true,"href":"https:\/\/www.svzweckel.de\/index.php?rest_route=\/wp\/v2\/media\/3864"}],"wp:attachment":[{"href":"https:\/\/www.svzweckel.de\/index.php?rest_route=%2Fwp%2Fv2%2Fmedia&parent=3862"}],"wp:term":[{"taxonomy":"category","embeddable":true,"href":"https:\/\/www.svzweckel.de\/index.php?rest_route=%2Fwp%2Fv2%2Fcategories&post=3862"},{"taxonomy":"post_tag","embeddable":true,"href":"https:\/\/www.svzweckel.de\/index.php?rest_route=%2Fwp%2Fv2%2Ftags&post=3862"}],"curies":[{"name":"wp","href":"https:\/\/api.w.org\/{rel}","templated":true}]}}