{"id":3867,"date":"2015-10-15T12:55:32","date_gmt":"2015-10-15T12:55:32","guid":{"rendered":"http:\/\/www.svzweckel.de\/?p=3867"},"modified":"2015-10-15T12:56:35","modified_gmt":"2015-10-15T12:56:35","slug":"zweckel-zieht-ohne-probleme-in-die-naechste-runde-ein-waz-vom-14-10-2015","status":"publish","type":"post","link":"https:\/\/www.svzweckel.de\/?p=3867","title":{"rendered":"Zweckel zieht ohne Probleme in die n\u00e4chste Runde ein (WAZ vom 14.10.2015)"},"content":{"rendered":"<div>\n<p>Trotz zweier Treffer bleibt Ramadan Ibrahim vom SV Zweckel das Pech treu: Nach 58 Minuten musste er im Pokal angeschlagen vom Feld.<\/p>\n<p>Deutlicher 6:0-Erfolg gegen Westfalia Gelsenkirchen. Ibrahim muss nach Doppelpack verletzt vom Feld.<\/p>\n<p>SV Zweckel &#8211; Westfalia Gelsenkirchen 6:0 (4:0)<\/p>\n<p>SVZ: Tiszai; Kaplan, Radojcic, H\u00f6ner, \u00d6zbicerler, Titz (65. Denk), K\u00f6se, Demir, M\u00fcller (61. Nikolay), Ibrahim (58. Klein), Seidel<\/p>\n<p>Torfolge: 1:0 Ibrahim (23.), 2:0 Titz (26.), 3:0 Ibrahim (33.), 4:0, 5:0 K\u00f6se (35., 67.), 6:0 Seidel (72.).<\/p>\n<p>In der Liga l\u00e4uft es derzeit nicht wirklich f\u00fcr den SV Zweckel. Im Pokal wurde die Mannschaft von Trainer G\u00fcnter Appelt ihrer Favoritenrolle jedoch vollauf gerecht. In der dritten Runde auf Kreisebene setzten sich die Gladbecker auf eigenem Platz sicher und ungef\u00e4hrdet mit 6:0 (4:0) gegen Westfalia Gelsenkirchen durch.<\/p>\n<p>\u201eEin Heimspiel, das wir gewinnen m\u00fcssen &#8211; ohne wenn und aber\u201c, hatte Appelt im Vorfeld der Begegnung erkl\u00e4rt. Und seine Sch\u00fctzlinge lie\u00dfen seinen Worten Taten folgen. Der \u00dcbungsleiter hatte seine Anfangsformation im Vergleich zur 0:2-Pleite gegen den SuS Stadtlohn wie angek\u00fcndigt auf einigen Positionen ver\u00e4ndert. So bekamen etwas Marvin H\u00f6ner, Muhamed Demir, Devin M\u00fcller und Ramadan Ibrahim eine Chance von Beginn an. Auch der kurzfristig verpflichtete Onur \u00d6zbicerler stand erneut in der Startelf. Der offensive Mittelfeldspieler wirbelte bis zum Sommer f\u00fcr Westfalia Herne, hat trotz seiner erst 21 Jahre bereits \u00fcber 60 Oberliga-Eins\u00e4tze auf dem Buckel.<\/p>\n<p>Von Beginn an bestimmten die Gastgeber gegen den Bezirksligisten das Geschehen \u2013 die Zuschauer mussten sich jedoch etwas gedulden, bis man diese \u00dcberlegenheit in Z\u00e4hlbares umm\u00fcnzen konnte. Dann aber fielen die Tore wie am Flie\u00dfband. Ramadan Ibrahim feierte nach seiner Verletzungspause einen starken Einstand und sorgte mit seinem 1:0 in der 23. Minute f\u00fcr den Dosen\u00f6ffner. Nur 180 Sekunden sp\u00e4ter erh\u00f6hte Marcel Titz auf 2:0. Der Torhunger der Hausherren war aber noch lange nicht gestillt. Ibrahim stellte mit seinem zweiten Treffer auf 3:0 (33.), nur Augenblicke sp\u00e4ter besorgte Serkan K\u00f6se den 4:0-Halbzeitstand. Vier Treffer in nur zw\u00f6lf Minuten \u2013 die Messe war so zum Pausentee l\u00e4ngst gelesen.<\/p>\n<p>In der zweiten Halbzeit lie\u00df es der Oberligist etwas ruhiger angehen, Appelt nutzte zudem sein Wechselkontingent voll aus. K\u00f6se (67.) und Norman Seidel (72.) brachten den klaren 6:0-Erfolg mit ihren Treffern unter Dach und Fach. Da Marvin H\u00f6ner noch verletzt vom Feld musste, agierte man die letzten zehn Minuten in Unterzahl \u2013 am Ergebnis \u00e4nderte das aber nichts mehr.<\/p>\n<\/div>\n","protected":false},"excerpt":{"rendered":"<p>Trotz zweier Treffer bleibt Ramadan Ibrahim vom SV Zweckel das Pech treu: Nach 58 Minuten musste er im Pokal angeschlagen vom Feld. Deutlicher 6:0-Erfolg gegen Westfalia Gelsenkirchen. Ibrahim muss nach Doppelpack verletzt vom Feld. SV Zweckel &#8211; Westfalia Gelsenkirchen 6:0 (4:0) SVZ: Tiszai; Kaplan, Radojcic, H\u00f6ner, \u00d6zbicerler, Titz (65. Denk), K\u00f6se, Demir, M\u00fcller (61. Nikolay), [&hellip;]<\/p>\n","protected":false},"author":3,"featured_media":3869,"comment_status":"open","ping_status":"open","sticky":false,"template":"","format":"standard","meta":{"_jetpack_memberships_contains_paid_content":false,"footnotes":"","jetpack_publicize_message":"","jetpack_publicize_feature_enabled":true,"jetpack_social_post_already_shared":false,"jetpack_social_options":{"image_generator_settings":{"template":"highway","default_image_id":0,"font":"","enabled":false},"version":2}},"categories":[2],"tags":[],"class_list":["post-3867","post","type-post","status-publish","format-standard","has-post-thumbnail","hentry","category-1-mannschaft"],"jetpack_publicize_connections":[],"jetpack_featured_media_url":"https:\/\/i0.wp.com\/www.svzweckel.de\/wp-content\/uploads\/2015\/10\/Ibo.jpg?fit=616%2C225&ssl=1","jetpack_sharing_enabled":true,"_links":{"self":[{"href":"https:\/\/www.svzweckel.de\/index.php?rest_route=\/wp\/v2\/posts\/3867","targetHints":{"allow":["GET"]}}],"collection":[{"href":"https:\/\/www.svzweckel.de\/index.php?rest_route=\/wp\/v2\/posts"}],"about":[{"href":"https:\/\/www.svzweckel.de\/index.php?rest_route=\/wp\/v2\/types\/post"}],"author":[{"embeddable":true,"href":"https:\/\/www.svzweckel.de\/index.php?rest_route=\/wp\/v2\/users\/3"}],"replies":[{"embeddable":true,"href":"https:\/\/www.svzweckel.de\/index.php?rest_route=%2Fwp%2Fv2%2Fcomments&post=3867"}],"version-history":[{"count":0,"href":"https:\/\/www.svzweckel.de\/index.php?rest_route=\/wp\/v2\/posts\/3867\/revisions"}],"wp:featuredmedia":[{"embeddable":true,"href":"https:\/\/www.svzweckel.de\/index.php?rest_route=\/wp\/v2\/media\/3869"}],"wp:attachment":[{"href":"https:\/\/www.svzweckel.de\/index.php?rest_route=%2Fwp%2Fv2%2Fmedia&parent=3867"}],"wp:term":[{"taxonomy":"category","embeddable":true,"href":"https:\/\/www.svzweckel.de\/index.php?rest_route=%2Fwp%2Fv2%2Fcategories&post=3867"},{"taxonomy":"post_tag","embeddable":true,"href":"https:\/\/www.svzweckel.de\/index.php?rest_route=%2Fwp%2Fv2%2Ftags&post=3867"}],"curies":[{"name":"wp","href":"https:\/\/api.w.org\/{rel}","templated":true}]}}