{"id":3871,"date":"2015-10-15T14:25:08","date_gmt":"2015-10-15T14:25:08","guid":{"rendered":"http:\/\/www.svzweckel.de\/?p=3871"},"modified":"2015-10-15T14:25:51","modified_gmt":"2015-10-15T14:25:51","slug":"neuer-anlauf-in-der-fremde","status":"publish","type":"post","link":"https:\/\/www.svzweckel.de\/?p=3871","title":{"rendered":"Neuer Anlauf in der Fremde"},"content":{"rendered":"<p>Jan Trampe w\u00fcrde sich genau wie Mads L. \u00fcber einen Sieg des SV Zweckel in Ennepetal freuen.<br \/>\n18.10.15, 15:00 Uhr: TuS Ennepetal &#8211; SV Zweckel<\/p>\n<p>Die bittere Niederlage gegen SuS Stadtlohn ist hoffentlich schon verarbeitet und mit dem Pokalerfolg im R\u00fccken k\u00f6nnen die Zweckeler die n\u00e4chste Herausforderung angehen. Am Dienstagabend machten die Zweckeler immerhing 6 Tore und spielten sehr ordentlich gegen den Bezirksligisten, der keine nennensweret Torchance zu verzeichnen hatte.<br \/>\nTrainer G\u00fcnter Appelt nutzte die Gelegenheit, um einigen Spielern, die bisher nicht so viele Einsatzzeiten hatten, eine Spielgelegenheit zu geben. Einige Akteure konnten sicher \u00fcberzeugen und haben ihre Chancen auf einen Einsatz m\u00f6glicherweise verbessern k\u00f6nnen. Am Sonntag hei\u00dft es dann aber wieder einmal: K\u00e4mpfen, k\u00e4mpfen, k\u00e4mpfen! Irgendwann wird es auch dem SV Zweckel wieder gelingen, drei Punkten einzufahren, um den Aufwand, mit dem jedes Spiel bestritten wird, auch zu belohnen.<\/p>\n<p>Der TuS Ennepetal hat am letzten Wochenende einen gl\u00fccklichen Punkte beim TSV Marl-H\u00fcls ergattert und rangiert derzeit auf dem 12. Tabellenplatz. Der eingewechselte St\u00fcrmer Marc Schr\u00f6ter machte mit einem Doppelpack in den letzten 10 Minuten den unerwarteten Punktgewinn perfekt.<\/p>\n<p><a href=\"http:\/\/www.tus-ennepetal.de\/\">TuS Ennepetal<\/a>, Bremenstadion, Bremenplatz 33, 58256 Ennepetal<br \/>\n\u00dcber die BAB 2 und 43 Richtung Wuppertal, im Kreut Wuppertal-Nord Richtung Bremen bzw. BAB 1, nach 600m rechts auf Hattinger Str., der B7 bis Ennepetal folgen, rechts abbiegen auf Kirchstra\u00dfe, rechts abbiegen auf Heinrichstra\u00dfe, rechts abbiegen auf Berninghauser Str., nach rechts abbiegen, um auf Berninghauser Str. zu bleiben, geradeaus auf Bremenplatz<\/p>\n","protected":false},"excerpt":{"rendered":"<p>Jan Trampe w\u00fcrde sich genau wie Mads L. \u00fcber einen Sieg des SV Zweckel in Ennepetal freuen. 18.10.15, 15:00 Uhr: TuS Ennepetal &#8211; SV Zweckel Die bittere Niederlage gegen SuS Stadtlohn ist hoffentlich schon verarbeitet und mit dem Pokalerfolg im R\u00fccken k\u00f6nnen die Zweckeler die n\u00e4chste Herausforderung angehen. Am Dienstagabend machten die Zweckeler immerhing 6 [&hellip;]<\/p>\n","protected":false},"author":3,"featured_media":3872,"comment_status":"open","ping_status":"open","sticky":false,"template":"","format":"standard","meta":{"_jetpack_memberships_contains_paid_content":false,"footnotes":"","jetpack_publicize_message":"","jetpack_publicize_feature_enabled":true,"jetpack_social_post_already_shared":false,"jetpack_social_options":{"image_generator_settings":{"template":"highway","default_image_id":0,"font":"","enabled":false},"version":2}},"categories":[2],"tags":[],"class_list":["post-3871","post","type-post","status-publish","format-standard","has-post-thumbnail","hentry","category-1-mannschaft"],"jetpack_publicize_connections":[],"jetpack_featured_media_url":"https:\/\/i0.wp.com\/www.svzweckel.de\/wp-content\/uploads\/2015\/10\/P8097749.jpg?fit=1024%2C768&ssl=1","jetpack_sharing_enabled":true,"_links":{"self":[{"href":"https:\/\/www.svzweckel.de\/index.php?rest_route=\/wp\/v2\/posts\/3871","targetHints":{"allow":["GET"]}}],"collection":[{"href":"https:\/\/www.svzweckel.de\/index.php?rest_route=\/wp\/v2\/posts"}],"about":[{"href":"https:\/\/www.svzweckel.de\/index.php?rest_route=\/wp\/v2\/types\/post"}],"author":[{"embeddable":true,"href":"https:\/\/www.svzweckel.de\/index.php?rest_route=\/wp\/v2\/users\/3"}],"replies":[{"embeddable":true,"href":"https:\/\/www.svzweckel.de\/index.php?rest_route=%2Fwp%2Fv2%2Fcomments&post=3871"}],"version-history":[{"count":0,"href":"https:\/\/www.svzweckel.de\/index.php?rest_route=\/wp\/v2\/posts\/3871\/revisions"}],"wp:featuredmedia":[{"embeddable":true,"href":"https:\/\/www.svzweckel.de\/index.php?rest_route=\/wp\/v2\/media\/3872"}],"wp:attachment":[{"href":"https:\/\/www.svzweckel.de\/index.php?rest_route=%2Fwp%2Fv2%2Fmedia&parent=3871"}],"wp:term":[{"taxonomy":"category","embeddable":true,"href":"https:\/\/www.svzweckel.de\/index.php?rest_route=%2Fwp%2Fv2%2Fcategories&post=3871"},{"taxonomy":"post_tag","embeddable":true,"href":"https:\/\/www.svzweckel.de\/index.php?rest_route=%2Fwp%2Fv2%2Ftags&post=3871"}],"curies":[{"name":"wp","href":"https:\/\/api.w.org\/{rel}","templated":true}]}}