{"id":3880,"date":"2015-10-18T16:43:25","date_gmt":"2015-10-18T16:43:25","guid":{"rendered":"http:\/\/www.svzweckel.de\/?p=3880"},"modified":"2015-10-18T19:07:05","modified_gmt":"2015-10-18T19:07:05","slug":"peinliche-blamage","status":"publish","type":"post","link":"https:\/\/www.svzweckel.de\/?p=3880","title":{"rendered":"Peinliche Blamage"},"content":{"rendered":"<p><strong>TuS Ennepetal &#8211; SV Zweckel 7:1 (2:1)<\/strong><\/p>\n<p>Bald 20 Minuten standen die Verantwortlichen des SV Zweckel noch auf dem Rasen des Bremenstadions in Ennepetal und versuchten zumindest zu erfassen, geschweige denn zu verstehen, was gerade passiert war.<br \/>\nDer SV Zweckel bot im Spiel den vielen mitgereisten Fans eine desolate Leistung, welche einem Offenbarungseid gleich kam. Anspruch und Wirklichkeit klaffen so weit auseinander, so dass zumindest f\u00fcr den heutigen Spieltag festgestellt werden muss, dass die Mannschaft nicht oberligatauglich ist. Auch wenn am heutigen Spieltag eine andere Mannschaft eine noch h\u00f6here Niederlage einfuhr, ist diese Klatsche f\u00fcr den SV Zweckel peinlich, blamabel und respektlos. Respektlos gegen\u00fcber dem Verein, der sich seit Jahren um positive Schlagzeilen f\u00fcr Zweckel und Gladbeck bem\u00fcht. Respektlos gegen\u00fcber Trainern, Betreuern und Verantwortlichen, die seit Jahren mit minimalem Etat und maximalem Einsatz versuchen, das Beste f\u00fcr den Verein zu geben.<br \/>\nWenn es denn auf Grund mangelnder Qualit\u00e4t f\u00fcr die Oberliga nicht reichen sollte, ist es nicht zu viel verlangt, dass sich alle Spieler den Allerwertesten aufrei\u00dfen, um den Verein wenigstens so gut wie m\u00f6glich zu verkaufen. Sollte der Verein zu einem bestimmten Termin seinen Verpflichtungen nicht nachkommen, ist das Geschrei bei den Spielern gro\u00df. Das was heute allerdings in Ennepetal abgeliefert wurde, ist mit mangelnder Qualit\u00e4t alleine nicht zu erkl\u00e4ren. Gestandene Spieler mit Oberliga- oder sogar Regionalligaerfahrung lassen sich vorf\u00fchren ohne sich zu wehren und lassen jede Kommunikation auf dem Platz vermissen. Jeder ergibt sich in sein Schicksal und ist froh, wenn es vorbei ist. Hiervon ausgenommen waren heute lediglich Torwart Sebastian Tiszai, der lediglich einen Ball halten musste bzw. konnte. Die anderen Sch\u00fcsse gingen alle ins Tor. Auch die linke Seite mit Diyar Kaplan und Pjer Radojcic sowie mit Abstrichen Onur \u00d6zbicerler brachten es auf Normalform.<br \/>\nDas Verhalten der Mannschaft ist allerdings insbesondere respektlos gegen\u00fcber den mitgereisten Fans und Zuschauern. Auch in Ennepetal waren diese wieder zahlreich und lautstark vertreten und feuerten die Mannschaft an. Doch diese agierte zumeist leblos und ohne echten Willen sich gegen die drohende Niederlage zu stemmen, geschweige denn alles f\u00fcr einen Sieg zu tun.<br \/>\nEines gibt den Verantwortlichen des SV Zweckel aber noch zu denken: Ist der Tiefpunkt nun erreicht oder geht es noch schlechter?<br \/>\nDarauf kann nur die Mannschaft eine Antwort geben, denn mit einem \u00e4hnlichen Auftritt werden zuk\u00fcnftig auch die letzten Getreuen des SV Zweckel den Weg zur Dorstener Stra\u00dfe meiden und sich diese blamable Einstellung zur sch\u00f6nsten Nebensache der Welt ersparen.<\/p>\n","protected":false},"excerpt":{"rendered":"<p>TuS Ennepetal &#8211; SV Zweckel 7:1 (2:1) Bald 20 Minuten standen die Verantwortlichen des SV Zweckel noch auf dem Rasen des Bremenstadions in Ennepetal und versuchten zumindest zu erfassen, geschweige denn zu verstehen, was gerade passiert war. Der SV Zweckel bot im Spiel den vielen mitgereisten Fans eine desolate Leistung, welche einem Offenbarungseid gleich kam. [&hellip;]<\/p>\n","protected":false},"author":3,"featured_media":3884,"comment_status":"open","ping_status":"open","sticky":false,"template":"","format":"standard","meta":{"_jetpack_memberships_contains_paid_content":false,"footnotes":"","jetpack_publicize_message":"","jetpack_publicize_feature_enabled":true,"jetpack_social_post_already_shared":false,"jetpack_social_options":{"image_generator_settings":{"template":"highway","default_image_id":0,"font":"","enabled":false},"version":2}},"categories":[2],"tags":[],"class_list":["post-3880","post","type-post","status-publish","format-standard","has-post-thumbnail","hentry","category-1-mannschaft"],"jetpack_publicize_connections":[],"jetpack_featured_media_url":"https:\/\/i0.wp.com\/www.svzweckel.de\/wp-content\/uploads\/2015\/10\/20151018_150157.jpg?fit=1024%2C576&ssl=1","jetpack_sharing_enabled":true,"_links":{"self":[{"href":"https:\/\/www.svzweckel.de\/index.php?rest_route=\/wp\/v2\/posts\/3880","targetHints":{"allow":["GET"]}}],"collection":[{"href":"https:\/\/www.svzweckel.de\/index.php?rest_route=\/wp\/v2\/posts"}],"about":[{"href":"https:\/\/www.svzweckel.de\/index.php?rest_route=\/wp\/v2\/types\/post"}],"author":[{"embeddable":true,"href":"https:\/\/www.svzweckel.de\/index.php?rest_route=\/wp\/v2\/users\/3"}],"replies":[{"embeddable":true,"href":"https:\/\/www.svzweckel.de\/index.php?rest_route=%2Fwp%2Fv2%2Fcomments&post=3880"}],"version-history":[{"count":0,"href":"https:\/\/www.svzweckel.de\/index.php?rest_route=\/wp\/v2\/posts\/3880\/revisions"}],"wp:featuredmedia":[{"embeddable":true,"href":"https:\/\/www.svzweckel.de\/index.php?rest_route=\/wp\/v2\/media\/3884"}],"wp:attachment":[{"href":"https:\/\/www.svzweckel.de\/index.php?rest_route=%2Fwp%2Fv2%2Fmedia&parent=3880"}],"wp:term":[{"taxonomy":"category","embeddable":true,"href":"https:\/\/www.svzweckel.de\/index.php?rest_route=%2Fwp%2Fv2%2Fcategories&post=3880"},{"taxonomy":"post_tag","embeddable":true,"href":"https:\/\/www.svzweckel.de\/index.php?rest_route=%2Fwp%2Fv2%2Ftags&post=3880"}],"curies":[{"name":"wp","href":"https:\/\/api.w.org\/{rel}","templated":true}]}}