{"id":3893,"date":"2015-10-18T19:19:40","date_gmt":"2015-10-18T19:19:40","guid":{"rendered":"http:\/\/www.svzweckel.de\/?p=3893"},"modified":"2015-10-18T19:28:48","modified_gmt":"2015-10-18T19:28:48","slug":"svz-ii-verliert-gegen-kirchhellen-waz-vom-18-10-15","status":"publish","type":"post","link":"https:\/\/www.svzweckel.de\/?p=3893","title":{"rendered":"SVZ II verliert gegen Kirchhellen (WAZ vom 18.10.15)"},"content":{"rendered":"<div><strong>SV Zweckel II &#8211; VfB Kirchhellen 0:2 (0:0)<\/strong><\/div>\n<div>\n<p>Die Reserve des SV Zweckel musste sich dem VFB Kirchhellen im heimischen K\u00e4fig mit 0:2 geschlagen geben.<\/p>\n<p>Eine sehr bittere Niederlage f\u00fcr die Schwarz-Gr\u00fcnen, da sie alleine in der ersten H\u00e4lfte gen\u00fcgend M\u00f6glichkeiten zur F\u00fchrung hatten. \u201eDer Keeper des VfB hat sensationell gehalten\u201c, berichtete SVZ-Coach Mike Theis. Nachdem in Halbzeit zwei ebenfalls weitere Chancen ausgelassen wurden, gerieten sie durch zwei Standard-Gegentore (70., 79.) ins Hintertreffen &#8211; 0:2. \u201eDa waren wir nicht wach genug.\u201c Diese Niederlage werfe seine Truppe aber keineswegs zur\u00fcck: \u201eWir werden nun eine gute Trainingswoche hinlegen, um in Scholven zu punkten.\u201c<\/p>\n<p>SVZ: Scheuplein, Flohr, Beselvi, Dreiskemper, C. Jungnickel (20. Karaca), Kapusuz (74. Uludag), M. Jungnickel, Schluck (80. Yaman), Durmaz, Aldirmaz, Yiyit.<\/p>\n<\/div>\n","protected":false},"excerpt":{"rendered":"<p>SV Zweckel II &#8211; VfB Kirchhellen 0:2 (0:0) Die Reserve des SV Zweckel musste sich dem VFB Kirchhellen im heimischen K\u00e4fig mit 0:2 geschlagen geben. Eine sehr bittere Niederlage f\u00fcr die Schwarz-Gr\u00fcnen, da sie alleine in der ersten H\u00e4lfte gen\u00fcgend M\u00f6glichkeiten zur F\u00fchrung hatten. \u201eDer Keeper des VfB hat sensationell gehalten\u201c, berichtete SVZ-Coach Mike Theis. [&hellip;]<\/p>\n","protected":false},"author":3,"featured_media":3613,"comment_status":"open","ping_status":"open","sticky":false,"template":"","format":"standard","meta":{"_jetpack_memberships_contains_paid_content":false,"footnotes":"","jetpack_publicize_message":"","jetpack_publicize_feature_enabled":true,"jetpack_social_post_already_shared":false,"jetpack_social_options":{"image_generator_settings":{"template":"highway","default_image_id":0,"font":"","enabled":false},"version":2}},"categories":[20],"tags":[],"class_list":["post-3893","post","type-post","status-publish","format-standard","has-post-thumbnail","hentry","category-2-mannschaft"],"jetpack_publicize_connections":[],"jetpack_featured_media_url":"https:\/\/i0.wp.com\/www.svzweckel.de\/wp-content\/uploads\/2015\/09\/2015-09-11-19.09.43.jpg?fit=1024%2C576&ssl=1","jetpack_sharing_enabled":true,"_links":{"self":[{"href":"https:\/\/www.svzweckel.de\/index.php?rest_route=\/wp\/v2\/posts\/3893","targetHints":{"allow":["GET"]}}],"collection":[{"href":"https:\/\/www.svzweckel.de\/index.php?rest_route=\/wp\/v2\/posts"}],"about":[{"href":"https:\/\/www.svzweckel.de\/index.php?rest_route=\/wp\/v2\/types\/post"}],"author":[{"embeddable":true,"href":"https:\/\/www.svzweckel.de\/index.php?rest_route=\/wp\/v2\/users\/3"}],"replies":[{"embeddable":true,"href":"https:\/\/www.svzweckel.de\/index.php?rest_route=%2Fwp%2Fv2%2Fcomments&post=3893"}],"version-history":[{"count":0,"href":"https:\/\/www.svzweckel.de\/index.php?rest_route=\/wp\/v2\/posts\/3893\/revisions"}],"wp:featuredmedia":[{"embeddable":true,"href":"https:\/\/www.svzweckel.de\/index.php?rest_route=\/wp\/v2\/media\/3613"}],"wp:attachment":[{"href":"https:\/\/www.svzweckel.de\/index.php?rest_route=%2Fwp%2Fv2%2Fmedia&parent=3893"}],"wp:term":[{"taxonomy":"category","embeddable":true,"href":"https:\/\/www.svzweckel.de\/index.php?rest_route=%2Fwp%2Fv2%2Fcategories&post=3893"},{"taxonomy":"post_tag","embeddable":true,"href":"https:\/\/www.svzweckel.de\/index.php?rest_route=%2Fwp%2Fv2%2Ftags&post=3893"}],"curies":[{"name":"wp","href":"https:\/\/api.w.org\/{rel}","templated":true}]}}