{"id":4032,"date":"2015-11-14T17:01:40","date_gmt":"2015-11-14T17:01:40","guid":{"rendered":"http:\/\/www.svzweckel.de\/?p=4032"},"modified":"2015-11-14T17:06:24","modified_gmt":"2015-11-14T17:06:24","slug":"siebter-gegen-sechsten","status":"publish","type":"post","link":"https:\/\/www.svzweckel.de\/?p=4032","title":{"rendered":"Sechster gegen Siebten"},"content":{"rendered":"<p><strong>Sonntag, 15.11.2015, 14:30 Uhr: SSV Buer II &#8211; SV Zweckel II<\/strong><\/p>\n<p>Die Zweite hatte in der letzten Woche spielfrei, da die Mannschaft von SC Hassel II zu Saisonbeginn zur\u00fcck gezogen wurde. Nun m\u00fcssen die Zweckeler zur L\u00f6chterheide und treffen auf eine Mannschaft, die nur einen Platz \u00fcber ihnen steht. Doch die Voraussetzungen sind unterschiedlich. Der SV Zweckel hat sich in 11 Spielen ein Torverh\u00e4ltnis von 13:14 erarbeitet. Die Bueraner, die drei Punkte mehr auf der Habenseite aufweisen, haben dagegen mehr mit 28 Treffern mehr als doppelt so viele Tore erzielt, mussten allerdings auch 27 mal einen Gegentreffer hinnehmen.<\/p>\n<p>Die junge Mannschaft von Trainer Mike Theis muss in der Liga noch viel lernen, kann an einem guten Tage allerdings auch fast jeden Gegner in der Klasse schlagen.<\/p>\n","protected":false},"excerpt":{"rendered":"<p>Sonntag, 15.11.2015, 14:30 Uhr: SSV Buer II &#8211; SV Zweckel II Die Zweite hatte in der letzten Woche spielfrei, da die Mannschaft von SC Hassel II zu Saisonbeginn zur\u00fcck gezogen wurde. Nun m\u00fcssen die Zweckeler zur L\u00f6chterheide und treffen auf eine Mannschaft, die nur einen Platz \u00fcber ihnen steht. Doch die Voraussetzungen sind unterschiedlich. Der [&hellip;]<\/p>\n","protected":false},"author":3,"featured_media":4033,"comment_status":"open","ping_status":"open","sticky":false,"template":"","format":"standard","meta":{"_jetpack_memberships_contains_paid_content":false,"footnotes":"","jetpack_publicize_message":"","jetpack_publicize_feature_enabled":true,"jetpack_social_post_already_shared":false,"jetpack_social_options":{"image_generator_settings":{"template":"highway","default_image_id":0,"font":"","enabled":false},"version":2}},"categories":[20],"tags":[],"class_list":["post-4032","post","type-post","status-publish","format-standard","has-post-thumbnail","hentry","category-2-mannschaft"],"jetpack_publicize_connections":[],"jetpack_featured_media_url":"https:\/\/i0.wp.com\/www.svzweckel.de\/wp-content\/uploads\/2015\/11\/2015-09-11-19.09.35.jpg?fit=1024%2C576&ssl=1","jetpack_sharing_enabled":true,"_links":{"self":[{"href":"https:\/\/www.svzweckel.de\/index.php?rest_route=\/wp\/v2\/posts\/4032","targetHints":{"allow":["GET"]}}],"collection":[{"href":"https:\/\/www.svzweckel.de\/index.php?rest_route=\/wp\/v2\/posts"}],"about":[{"href":"https:\/\/www.svzweckel.de\/index.php?rest_route=\/wp\/v2\/types\/post"}],"author":[{"embeddable":true,"href":"https:\/\/www.svzweckel.de\/index.php?rest_route=\/wp\/v2\/users\/3"}],"replies":[{"embeddable":true,"href":"https:\/\/www.svzweckel.de\/index.php?rest_route=%2Fwp%2Fv2%2Fcomments&post=4032"}],"version-history":[{"count":0,"href":"https:\/\/www.svzweckel.de\/index.php?rest_route=\/wp\/v2\/posts\/4032\/revisions"}],"wp:featuredmedia":[{"embeddable":true,"href":"https:\/\/www.svzweckel.de\/index.php?rest_route=\/wp\/v2\/media\/4033"}],"wp:attachment":[{"href":"https:\/\/www.svzweckel.de\/index.php?rest_route=%2Fwp%2Fv2%2Fmedia&parent=4032"}],"wp:term":[{"taxonomy":"category","embeddable":true,"href":"https:\/\/www.svzweckel.de\/index.php?rest_route=%2Fwp%2Fv2%2Fcategories&post=4032"},{"taxonomy":"post_tag","embeddable":true,"href":"https:\/\/www.svzweckel.de\/index.php?rest_route=%2Fwp%2Fv2%2Ftags&post=4032"}],"curies":[{"name":"wp","href":"https:\/\/api.w.org\/{rel}","templated":true}]}}