{"id":4056,"date":"2015-11-18T20:03:31","date_gmt":"2015-11-18T20:03:31","guid":{"rendered":"http:\/\/www.svzweckel.de\/?p=4056"},"modified":"2015-11-18T20:13:07","modified_gmt":"2015-11-18T20:13:07","slug":"sv-zweckel-ii-ueberzeugt-als-kollektiv","status":"publish","type":"post","link":"https:\/\/www.svzweckel.de\/?p=4056","title":{"rendered":"SV Zweckel II \u00fcberzeugt als Kollektiv"},"content":{"rendered":"<p class=\"abstract \">In der Kreisliga A1 setzte sich der SV Zweckel II bei der SSV Buer II mit 4:1 (1:1) erfolgreich in Szene. Mert Durmaz erzielte drei Tore f\u00fcr die Gladbecker.<\/p>\n<div class=\"content\">\n<p>Mike Theis, der Trainer des SV Zweckel II, war angetan von der Vorstellung seiner Mannschaft beim 4:1-Erfolg \u00fcber die SSV Buer. Vor allem nach dem Seitenwechsel habe sie eine klasse Partie gespielt, so der \u00dcbungsleiter der SVZ-Reserve, die nun mit 19 Punkten Tabellenplatz sechs belegt.<\/p>\n<p class=\"paarung\">SSV Buer II &#8211; SV Zweckel II <span class=\"ergebnis\">1:4 (1:1)<\/span><\/p>\n<p class=\"statistik\"><strong>SV Zweckel II:<\/strong> Scheuplein, Flohr, Besevli, Dreiskemper, Kapusuz, Jungnickel (46. Dana), Ceylan, Schluck, Durmaz, Schwanke (65. Yaman), Yiyit (77. Capek).<br \/>\n<strong>Tore:<\/strong> 0:1 Durmaz (20.), 1:1 (27.), 1:2, 1:3 Durmaz (47., 57.), 1:4 Yiyit (70.).<\/p>\n<p class=\"zwischenzeile\"><strong>Mert Durmaz erzielt drei Tore<\/strong><\/p>\n<p>Zum Matchwinner avancierte Mert Durmaz, der die G\u00e4ste an der L\u00f6chterheide mit 1:0 in F\u00fchrung brachte und nach dem Seitenwechsel auch f\u00fcr die Treffer zum 2:1 und 3:1 sorgte. Ungeachtet dessen wollte Theis den dreimaligen Torsch\u00fctzen nicht besonders hervorheben. \u201eWir haben eine super Mannschaftsleistung gezeigt\u201c, betonte der Trainer der Zweckeler, \u201edas Team hat als Kollektiv gut verteidigt und auch gut nach vorne gespielt.\u201c<\/p>\n<p>In der ersten Halbzeit war zun\u00e4chst die SSV Buer die etwas st\u00e4rkere Mannschaft. Dennoch gl\u00fcckte Durmaz f\u00fcr Zweckel das 1:0. Die Platzherren glichen in der 27. Minute aus. \u201eDas war\u201c, gestand Theis, \u201ezu diesem Zeitpunkt verdient.\u201c Nach dem Seitenwechsel aber dominierte der SVZ &#8211; und siegte souver\u00e4n.<\/p>\n<\/div>\n","protected":false},"excerpt":{"rendered":"<p>In der Kreisliga A1 setzte sich der SV Zweckel II bei der SSV Buer II mit 4:1 (1:1) erfolgreich in Szene. Mert Durmaz erzielte drei Tore f\u00fcr die Gladbecker. Mike Theis, der Trainer des SV Zweckel II, war angetan von der Vorstellung seiner Mannschaft beim 4:1-Erfolg \u00fcber die SSV Buer. Vor allem nach dem Seitenwechsel [&hellip;]<\/p>\n","protected":false},"author":3,"featured_media":4058,"comment_status":"open","ping_status":"open","sticky":false,"template":"","format":"standard","meta":{"_jetpack_memberships_contains_paid_content":false,"footnotes":"","jetpack_publicize_message":"","jetpack_publicize_feature_enabled":true,"jetpack_social_post_already_shared":false,"jetpack_social_options":{"image_generator_settings":{"template":"highway","default_image_id":0,"font":"","enabled":false},"version":2}},"categories":[20],"tags":[],"class_list":["post-4056","post","type-post","status-publish","format-standard","has-post-thumbnail","hentry","category-2-mannschaft"],"jetpack_publicize_connections":[],"jetpack_featured_media_url":"https:\/\/i0.wp.com\/www.svzweckel.de\/wp-content\/uploads\/2015\/11\/Fussball-Kreisliga-A1-SV-Zweckel.jpg?fit=616%2C225&ssl=1","jetpack_sharing_enabled":true,"_links":{"self":[{"href":"https:\/\/www.svzweckel.de\/index.php?rest_route=\/wp\/v2\/posts\/4056","targetHints":{"allow":["GET"]}}],"collection":[{"href":"https:\/\/www.svzweckel.de\/index.php?rest_route=\/wp\/v2\/posts"}],"about":[{"href":"https:\/\/www.svzweckel.de\/index.php?rest_route=\/wp\/v2\/types\/post"}],"author":[{"embeddable":true,"href":"https:\/\/www.svzweckel.de\/index.php?rest_route=\/wp\/v2\/users\/3"}],"replies":[{"embeddable":true,"href":"https:\/\/www.svzweckel.de\/index.php?rest_route=%2Fwp%2Fv2%2Fcomments&post=4056"}],"version-history":[{"count":0,"href":"https:\/\/www.svzweckel.de\/index.php?rest_route=\/wp\/v2\/posts\/4056\/revisions"}],"wp:featuredmedia":[{"embeddable":true,"href":"https:\/\/www.svzweckel.de\/index.php?rest_route=\/wp\/v2\/media\/4058"}],"wp:attachment":[{"href":"https:\/\/www.svzweckel.de\/index.php?rest_route=%2Fwp%2Fv2%2Fmedia&parent=4056"}],"wp:term":[{"taxonomy":"category","embeddable":true,"href":"https:\/\/www.svzweckel.de\/index.php?rest_route=%2Fwp%2Fv2%2Fcategories&post=4056"},{"taxonomy":"post_tag","embeddable":true,"href":"https:\/\/www.svzweckel.de\/index.php?rest_route=%2Fwp%2Fv2%2Ftags&post=4056"}],"curies":[{"name":"wp","href":"https:\/\/api.w.org\/{rel}","templated":true}]}}