{"id":4117,"date":"2015-12-04T18:18:34","date_gmt":"2015-12-04T18:18:34","guid":{"rendered":"http:\/\/www.svzweckel.de\/?p=4117"},"modified":"2015-12-04T18:18:51","modified_gmt":"2015-12-04T18:18:51","slug":"die-zweite-spielt-schon-am-samstag","status":"publish","type":"post","link":"https:\/\/www.svzweckel.de\/?p=4117","title":{"rendered":"Die Zweite spielt schon am Samstag"},"content":{"rendered":"<p>Samstag, 05.12.15, 16:00 Uhr: SV Zweckel II &#8211; SV Horst-Emscher 08 II<\/p>\n<p>Die Reserve trifft am Samstagnachmittag auf die Reserve des Westfalenligisten Horst-Emscher 08. Der Gast befindet sich auf dem vierten Tabellenplatz und ist noch in Schlagdiestanz zur Tabellenspitze. Der SV Zweckel dagegen hat am letzten Sonntag Beckhausen 05 nach der dortigen Niederlage vorbei ziehen lassen m\u00fcssen und belegt derzeit den 7. Platz. Beim Betrachten der Torverh\u00e4ltnisse der Gegner am Samstag f\u00e4llt auf, dass die Zweckeler mit 18 erzielten Treffern immerhin 19 Punkte einfahren konnten. Der Gegner erzielte 9 Punkte mehr, traf allerdings immerhin schon 43mal ins gegnerische Tor. Die Mannschaft von Trainer Mike Theis musste lediglich einen Gegentreffer mehr hinnehmen als die Horster.<br \/>\nDer SV Zweckel muss \u00fcber den Kampf ins Spiel kommen, dann ist im K\u00e4fig alles m\u00f6glich.<\/p>\n","protected":false},"excerpt":{"rendered":"<p>Samstag, 05.12.15, 16:00 Uhr: SV Zweckel II &#8211; SV Horst-Emscher 08 II Die Reserve trifft am Samstagnachmittag auf die Reserve des Westfalenligisten Horst-Emscher 08. Der Gast befindet sich auf dem vierten Tabellenplatz und ist noch in Schlagdiestanz zur Tabellenspitze. Der SV Zweckel dagegen hat am letzten Sonntag Beckhausen 05 nach der dortigen Niederlage vorbei ziehen [&hellip;]<\/p>\n","protected":false},"author":3,"featured_media":4118,"comment_status":"open","ping_status":"open","sticky":false,"template":"","format":"standard","meta":{"_jetpack_memberships_contains_paid_content":false,"footnotes":"","jetpack_publicize_message":"","jetpack_publicize_feature_enabled":true,"jetpack_social_post_already_shared":false,"jetpack_social_options":{"image_generator_settings":{"template":"highway","default_image_id":0,"font":"","enabled":false},"version":2}},"categories":[20],"tags":[],"class_list":["post-4117","post","type-post","status-publish","format-standard","has-post-thumbnail","hentry","category-2-mannschaft"],"jetpack_publicize_connections":[],"jetpack_featured_media_url":"https:\/\/i0.wp.com\/www.svzweckel.de\/wp-content\/uploads\/2015\/12\/20150920_164211.jpg?fit=1024%2C576&ssl=1","jetpack_sharing_enabled":true,"_links":{"self":[{"href":"https:\/\/www.svzweckel.de\/index.php?rest_route=\/wp\/v2\/posts\/4117","targetHints":{"allow":["GET"]}}],"collection":[{"href":"https:\/\/www.svzweckel.de\/index.php?rest_route=\/wp\/v2\/posts"}],"about":[{"href":"https:\/\/www.svzweckel.de\/index.php?rest_route=\/wp\/v2\/types\/post"}],"author":[{"embeddable":true,"href":"https:\/\/www.svzweckel.de\/index.php?rest_route=\/wp\/v2\/users\/3"}],"replies":[{"embeddable":true,"href":"https:\/\/www.svzweckel.de\/index.php?rest_route=%2Fwp%2Fv2%2Fcomments&post=4117"}],"version-history":[{"count":0,"href":"https:\/\/www.svzweckel.de\/index.php?rest_route=\/wp\/v2\/posts\/4117\/revisions"}],"wp:featuredmedia":[{"embeddable":true,"href":"https:\/\/www.svzweckel.de\/index.php?rest_route=\/wp\/v2\/media\/4118"}],"wp:attachment":[{"href":"https:\/\/www.svzweckel.de\/index.php?rest_route=%2Fwp%2Fv2%2Fmedia&parent=4117"}],"wp:term":[{"taxonomy":"category","embeddable":true,"href":"https:\/\/www.svzweckel.de\/index.php?rest_route=%2Fwp%2Fv2%2Fcategories&post=4117"},{"taxonomy":"post_tag","embeddable":true,"href":"https:\/\/www.svzweckel.de\/index.php?rest_route=%2Fwp%2Fv2%2Ftags&post=4117"}],"curies":[{"name":"wp","href":"https:\/\/api.w.org\/{rel}","templated":true}]}}