{"id":4179,"date":"2015-12-21T10:12:36","date_gmt":"2015-12-21T10:12:36","guid":{"rendered":"http:\/\/www.svzweckel.de\/?p=4179"},"modified":"2015-12-21T10:15:01","modified_gmt":"2015-12-21T10:15:01","slug":"sv-zweckel-ii-gewinnt-gluecklich-aber-verdient-waz-vom-21-12-15","status":"publish","type":"post","link":"https:\/\/www.svzweckel.de\/?p=4179","title":{"rendered":"SV Zweckel II gewinnt gl\u00fccklich, aber verdient (WAZ vom 21.12.15)"},"content":{"rendered":"<div>\n<p>In der Fu\u00dfball Kreisliga A spielt der SV Zweckel II (orange) gegen den VfL Grafenwald. Die Gladbecker, unser Bild zeigt Mert Durmaz am Ball, gewannen die Partie gl\u00fccklich, aber verdient mit 2:1.Foto: Oliver Mengedoht<\/p>\n<p>Gladbeck. Der SV Zweckel II hat in der Kreisliga A1 einen weiteren Sieg eingefahren. Die Gladbecker bezwangen den VfL Grafenwald mit 2:1.<\/p>\n<p>Das Spiel zwischen dem SV Zweckel II und dem VfL Grafenwald hielt genau das, was SVZ-Coach Mike Theis von ihm erwartet hatte. Es wurde ein \u201ehei\u00dfer Tanz\u201c. Und dazu geh\u00f6rten viele Zweik\u00e4mpfe, viele Torgelegenheiten und der Siegtreffer f\u00fcr die Gladbecker in der Nachspielzeit.<\/p>\n<p><strong>SV Zweckel II &#8211; VfL Grafenwald 2:1 (1:0)<\/strong><\/p>\n<p>SV Zweckel II: Scheuplein, Flohr, Dana (69. Rach), Dreiskemper, Schluck (80. Capek), Schwanke, Yaman (58. Beselvi), Karaca, Kapusuz, Durmaz, Yiyit.<\/p>\n<p>Tore: 1:0 Karaca (3.), 1:1 (59.), 2:1 Eigentor (90.).<\/p>\n<p><strong>Blitzstart f\u00fcr den SV Zweckel<\/strong><\/p>\n<p>Die Zweckeler erwischten im K\u00e4fig an der Dorstener Stra\u00dfe einen Blitzstart und gingen bereits nach nur drei gespielten Minuten in F\u00fchrung. Eine Ecke von Enes Yiyit segelte gef\u00e4hrlich in den Strafraum der W\u00f6ller. Erst stand dem Torerfolg von Yasin Karaca noch die Querlatte im Weg, im Nachschuss k\u00f6pfte er das Leder aber doch zur 1:0-F\u00fchrung ein.<br \/>\nInsgesamt war es ein pfiffiger und ordentlicher Beginn von beiden Seiten. Wobei es die gesamte Spieldauer \u00fcber die Platzherren waren, die mehr in das Spiel investierten. Je l\u00e4nger die erste H\u00e4lfte andauerte, desto unattraktiver wurde die Partie jedoch. W\u00e4hrend die Gastgeber nicht mehr nach vorne spielen mussten und auf Konter lauerten, fand der VfL keine Mittel, die Gladbecker Abwehrreihe zu \u00fcberwinden.<br \/>\nNach dem Seitenwechsel agierte die Reserve des SV Zweckel wieder mehr, wurde aber meist nur durch Fernsch\u00fcsse gef\u00e4hrlich. Wladimir Schwanke (46.) und Enes Yiyit (48.) hatten dabei noch die besten Gelegenheiten. Torsch\u00fctze Yasin Karaca scheiterte nach 50 Spielminuten aus zehn Metern ebenfalls am G\u00e4ste-Keeper.<br \/>\nSo lebte das Spiel weiter von der Spannung. In der 59. Minute erzielte der VfL den Ausgleich, welcher zu diesem Zeitpunkt nicht wirklich verdient war. Aber zu sp\u00fcren war schon, dass die G\u00e4ste etwas besser wurden.<br \/>\nDie Hausherren lie\u00dfen sich davon aber nicht beeindrucken und spielten weiter ihr Spiel. Kapit\u00e4n Mario Schluck fehlten ein paar Zentimeter zum Torerfolg nach einem Kopfball (64.). Nur zehn Minuten sp\u00e4ter scheiterte Mert Durmaz ebenfalls per Kopf.<br \/>\nIn der 80. Minute stellte SVZ-Linienchef Mike Theis sogar auf eine Dreier-Abwehrkette um. Mit aller Macht wollten die Gastgeber die Partie noch f\u00fcr sich entscheiden.<br \/>\nGrenzenloser Jubel<br \/>\nUnd dann war so weit. Als ob es Schicksal oder als ob der ber\u00fchmt ber\u00fcchtigte Fu\u00dfballgott auf Seiten der Zweckeler gewesen w\u00e4re, bescherte ein Eigentor in der Nachspielzeit den Sieg. Enes Yiyit tanzte im Strafraum einen W\u00f6ller aus. Der VfL-Torh\u00fcter stand seinem Treffer aber im Wege. Der Abpraller landete bei einem Abwehrspieler der G\u00e4ste, der den Ball ins eigene Tor lenkte. Alle Zweckeler sprangen auf, um den Treffer zu feiern. Dies war einzig und allein ein Sieg des Willens. Die Gladbecker haben das Tor letztendlich erzwungen.<\/p>\n<\/div>\n","protected":false},"excerpt":{"rendered":"<p>In der Fu\u00dfball Kreisliga A spielt der SV Zweckel II (orange) gegen den VfL Grafenwald. Die Gladbecker, unser Bild zeigt Mert Durmaz am Ball, gewannen die Partie gl\u00fccklich, aber verdient mit 2:1.Foto: Oliver Mengedoht Gladbeck. Der SV Zweckel II hat in der Kreisliga A1 einen weiteren Sieg eingefahren. Die Gladbecker bezwangen den VfL Grafenwald mit [&hellip;]<\/p>\n","protected":false},"author":3,"featured_media":4180,"comment_status":"open","ping_status":"open","sticky":false,"template":"","format":"standard","meta":{"_jetpack_memberships_contains_paid_content":false,"footnotes":"","jetpack_publicize_message":"","jetpack_publicize_feature_enabled":true,"jetpack_social_post_already_shared":false,"jetpack_social_options":{"image_generator_settings":{"template":"highway","default_image_id":0,"font":"","enabled":false},"version":2}},"categories":[20],"tags":[],"class_list":["post-4179","post","type-post","status-publish","format-standard","has-post-thumbnail","hentry","category-2-mannschaft"],"jetpack_publicize_connections":[],"jetpack_featured_media_url":"https:\/\/i0.wp.com\/www.svzweckel.de\/wp-content\/uploads\/2015\/12\/Fussball-Kreisliga-A-SV-Zweckel.jpg?fit=616%2C225&ssl=1","jetpack_sharing_enabled":true,"_links":{"self":[{"href":"https:\/\/www.svzweckel.de\/index.php?rest_route=\/wp\/v2\/posts\/4179","targetHints":{"allow":["GET"]}}],"collection":[{"href":"https:\/\/www.svzweckel.de\/index.php?rest_route=\/wp\/v2\/posts"}],"about":[{"href":"https:\/\/www.svzweckel.de\/index.php?rest_route=\/wp\/v2\/types\/post"}],"author":[{"embeddable":true,"href":"https:\/\/www.svzweckel.de\/index.php?rest_route=\/wp\/v2\/users\/3"}],"replies":[{"embeddable":true,"href":"https:\/\/www.svzweckel.de\/index.php?rest_route=%2Fwp%2Fv2%2Fcomments&post=4179"}],"version-history":[{"count":0,"href":"https:\/\/www.svzweckel.de\/index.php?rest_route=\/wp\/v2\/posts\/4179\/revisions"}],"wp:featuredmedia":[{"embeddable":true,"href":"https:\/\/www.svzweckel.de\/index.php?rest_route=\/wp\/v2\/media\/4180"}],"wp:attachment":[{"href":"https:\/\/www.svzweckel.de\/index.php?rest_route=%2Fwp%2Fv2%2Fmedia&parent=4179"}],"wp:term":[{"taxonomy":"category","embeddable":true,"href":"https:\/\/www.svzweckel.de\/index.php?rest_route=%2Fwp%2Fv2%2Fcategories&post=4179"},{"taxonomy":"post_tag","embeddable":true,"href":"https:\/\/www.svzweckel.de\/index.php?rest_route=%2Fwp%2Fv2%2Ftags&post=4179"}],"curies":[{"name":"wp","href":"https:\/\/api.w.org\/{rel}","templated":true}]}}