{"id":4308,"date":"2016-01-16T20:18:31","date_gmt":"2016-01-16T20:18:31","guid":{"rendered":"http:\/\/www.svzweckel.de\/?p=4308"},"modified":"2016-01-16T21:07:17","modified_gmt":"2016-01-16T21:07:17","slug":"hallenstadtmeisterschaft-gladbeck-zweckel-ii-im-halbfinale-aufmplatz-vom-16-01-16","status":"publish","type":"post","link":"https:\/\/www.svzweckel.de\/?p=4308","title":{"rendered":"HSM: Zweckel II im Halbfinale (aufmplatz vom 16.01.16)"},"content":{"rendered":"<p>Die insgesamt sechs Teilnehmer der Zwischenrunde der Reserveteams stehen fest. Dazu z\u00e4hlen gleich alle drei Reserveteams von SG Preu\u00dfen Gladbeck, die Rentforter Zweit- und Drittvertretung sowie der SV Zweckel II.<\/p>\n<p><strong>Gruppe A<\/strong><\/p>\n<p class=\"bodytext\">Die zweite Mannschaft von SG Preu\u00dfen Gladbeck spielte eine dominante Vorrunde. Die SGP-Reserve gewann ihre vier Vorrundenspiele und setzte sich damit verdienterma\u00dfen auf den ersten Platz der Gruppe A. Die 17 erzielten Treffer sprechen zudem f\u00fcr den gro\u00dfen Torhunger der Schwarz-Gelben. Zweiter in Gruppe A wurde der BV Rentfort II, der aufgrund der 1:3-Niederlage gegen SG Preu\u00dfen Gladbeck II das Nachsehen gegen\u00fcber dem Team vom Jahnplatz hatte. Die Rentforter schlossen die Vorrunde demnach mit dem zweiten Tabellenplatz ab und qualifizierten sich damit wie die Preu\u00dfen f\u00fcr die Zwischenrunde.<\/p>\n<p class=\"bodytext\">Im letzten Spiel der Gruppe A zwischen F.S.M. Gladbeck II und FC Gladbeck II ging es im direkten Duell um den dritten Platz in der Gruppe A. Dem FC Gladbeck II h\u00e4tte dabei aufgrund des Torverh\u00e4ltnisses ein Remis gen\u00fcgt, doch das Team von der Ro\u00dfheidestra\u00dfe unterlag trotz zwischenzeitlichem 1:1-Ausgleich durch Andy Wobus mit 1:3. Dadurch schloss F.S.M. Gladbeck II die Gruppe A mit dem dritten Rang ab und verwies den B-Ligisten FC Gladbeck II damit auf Rang Vier. Gruppenletzter wurde Wacker Gladbeck, das alle Spiele deutlich verloren hat.<\/p>\n<p class=\"bodytext\"><b>Tabelle:\u00a0<\/b><\/p>\n<table class=\"contenttable\" dir=\"\" summary=\"\" cellspacing=\"\" cellpadding=\"\">\n<thead>\n<tr>\n<th scope=\"col\">Platz<\/th>\n<th scope=\"col\">Mannschaft<\/th>\n<th scope=\"col\">Spiele<\/th>\n<th scope=\"col\">Siege<\/th>\n<th scope=\"col\">Remis&#8216;<\/th>\n<th scope=\"col\">Niederlagen<\/th>\n<th scope=\"col\">Tore<\/th>\n<th scope=\"col\">Diff.<\/th>\n<th scope=\"col\">Punkte<\/th>\n<\/tr>\n<\/thead>\n<tbody>\n<tr>\n<td>1.<\/td>\n<td>SG Preu\u00dfen II<\/td>\n<td>4<\/td>\n<td>4<\/td>\n<td>0<\/td>\n<td>0<\/td>\n<td>17:3<\/td>\n<td>+14<\/td>\n<td>12<\/td>\n<\/tr>\n<tr>\n<td>2.<\/td>\n<td>BV Rentfort II<\/td>\n<td>4<\/td>\n<td>3<\/td>\n<td>0<\/td>\n<td>1<\/td>\n<td>14:5<\/td>\n<td>+9<\/td>\n<td>9<\/td>\n<\/tr>\n<tr>\n<td>3.<\/td>\n<td>F.S.M. Gladbeck II<\/td>\n<td>4<\/td>\n<td>2<\/td>\n<td>0<\/td>\n<td>2<\/td>\n<td>5:10<\/td>\n<td>-5<\/td>\n<td>6<\/td>\n<\/tr>\n<tr>\n<td>4.<\/td>\n<td>FC Gladbeck II<\/td>\n<td>4<\/td>\n<td>1<\/td>\n<td>0<\/td>\n<td>3<\/td>\n<td>7:11<\/td>\n<td>-4<\/td>\n<td>3<\/td>\n<\/tr>\n<tr>\n<td>5.<\/td>\n<td>Wacker Gladbeck II<\/td>\n<td>4<\/td>\n<td>0<\/td>\n<td>0<\/td>\n<td>4<\/td>\n<td>3:17<\/td>\n<td>-14<\/td>\n<td>0<\/td>\n<\/tr>\n<\/tbody>\n<\/table>\n<p><strong>Gruppe B<\/strong><\/p>\n<p class=\"bodytext\">In der Gruppe B stellte sich der A-Ligist SV Zweckel II bereits fr\u00fch als gro\u00dfer Dominator heraus. Mit der Maximalausbeute von zw\u00f6lf Punkten setzte sich der SV Zweckel II als Gruppenerster durch. Dabei bestach die Zweckeler Reserve mit 21 geschossenen Toren nicht nur in der Offensive, sondern zeigte sich auch sehr defensivstark. Denn SVZ-Schlussmann Christian Scheuplein musste in allen vier Vorrundenspielen nicht ein einziges Gegentor hinnehmen. Der 6:0-Sieg der Zweckeler im letzten Gruppenspiel gegen SuS SB Gladbeck II bedeutet zudem f\u00fcr die Schwarz-Blauen vom Hartmannshof das Vorrunden-Aus, denn der C-Ligist h\u00e4tte gegen die Zweckeler Reserve einen Sieg f\u00fcrs Weiterkommen ben\u00f6tigt. Gruppenzweiter wurde stattdessen SG Preu\u00dfen Gladbeck III, das sich mit neun Punkten das Ticket f\u00fcr die Zwischenrunde sicherte.<\/p>\n<p class=\"bodytext\">Der FC Gladbeck III wurde mit vier Z\u00e4hlern Vorletzter, w\u00e4hrend die dritte Mannschaft von Adler Ellinghorst mit null Punkten das Schlusslicht der Gruppe B bildete.<\/p>\n<p class=\"bodytext\"><b>Tabelle:\u00a0<\/b><\/p>\n<table class=\"contenttable\" dir=\"\" summary=\"\" cellspacing=\"\" cellpadding=\"\">\n<thead>\n<tr>\n<th scope=\"col\">Platz<\/th>\n<th scope=\"col\">Mannschaft<\/th>\n<th scope=\"col\">Spiele<\/th>\n<th scope=\"col\">Siege<\/th>\n<th scope=\"col\">Remis&#8216;<\/th>\n<th scope=\"col\">Niederlagen<\/th>\n<th scope=\"col\">Tore<\/th>\n<th scope=\"col\">Diff.<\/th>\n<th scope=\"col\">Punkte<\/th>\n<\/tr>\n<\/thead>\n<tbody>\n<tr>\n<td>1.<\/td>\n<td>SV Zweckel II<\/td>\n<td>4<\/td>\n<td>4<\/td>\n<td>0<\/td>\n<td>0<\/td>\n<td>21:0<\/td>\n<td>+21<\/td>\n<td>12<\/td>\n<\/tr>\n<tr>\n<td>2.<\/td>\n<td>SG Preu\u00dfen III<\/td>\n<td>4<\/td>\n<td>3<\/td>\n<td>0<\/td>\n<td>1<\/td>\n<td>11:11<\/td>\n<td>0<\/td>\n<td>9<\/td>\n<\/tr>\n<tr>\n<td>3.<\/td>\n<td>SuS SB Gladbeck II<\/td>\n<td>4<\/td>\n<td>2<\/td>\n<td>0<\/td>\n<td>2<\/td>\n<td>8:14<\/td>\n<td>-6<\/td>\n<td>6<\/td>\n<\/tr>\n<tr>\n<td>4.<\/td>\n<td>FC Gladbeck III<\/td>\n<td>4<\/td>\n<td>1<\/td>\n<td>1<\/td>\n<td>2<\/td>\n<td>8:9<\/td>\n<td>-1<\/td>\n<td>4<\/td>\n<\/tr>\n<tr>\n<td>5.<\/td>\n<td>Adler Ellinghorst III<\/td>\n<td>4<\/td>\n<td>0<\/td>\n<td>0<\/td>\n<td>4<\/td>\n<td>2:16<\/td>\n<td>-14<\/td>\n<td>0<\/td>\n<\/tr>\n<\/tbody>\n<\/table>\n<p><strong>Gruppe C<\/strong><\/p>\n<p class=\"bodytext\">In der Gruppe C war es bis zum vorletzten Vorrundenspiel spannend. Zwar standen mit dem BV Rentfort III und SG Preu\u00dfen Gladbeck IV bereits fr\u00fch die Qualifikanten f\u00fcr die Zwischenrunde fest, doch im besagten Spiel trafen die Rentforter Drittvertretung und die vierte Mannschaft von SG Preu\u00dfen Gladbeck im enstcheidenden Duell um Platz Eins aufeinander. Die bessere Ausgangsposition hatten die Preu\u00dfen, denen ein Remis f\u00fcr Platz Eins reichen w\u00fcrde, so dass der BVR III nicht mit einem gelernten Torh\u00fcter ins Spiel ging, sondern Feldspieler Dennis Schlichting ins Tor stellte. Preu\u00dfens Kai Herrscheidt sorgte jedoch f\u00fcr eine fr\u00fche F\u00fchrung f\u00fcr die Schwarz-Gelben, die lange Bestand hatte. Erst in der Schlussminute konnte der BVR durch ein Eigentor von SGP-Schlussmann Markus Wei\u00df zum 1:1-Ausgleich kommen. Trotz letzter Offensivbem\u00fchungen durch Rentforts Drittvertretung blieb es am Ende beim 1:1-Unentschieden, das den ersten Platz f\u00fcr SG Preu\u00dfen IV bedeutete. Die Rentforter wurden Zweiter.<\/p>\n<p>Der SV Zweckel III wurde mit f\u00fcnf Punkten Gruppendritter und setzte sich damit vor SuS SB Gladbeck III und Adler Ellinghorst II durch.<\/p>\n<p class=\"bodytext\"><b>Tabelle:\u00a0<\/b><\/p>\n<table class=\"contenttable\" dir=\"\" summary=\"\" cellspacing=\"\" cellpadding=\"\">\n<thead>\n<tr>\n<th scope=\"col\">Platz<\/th>\n<th scope=\"col\">Mannschaft<\/th>\n<th scope=\"col\">Spiele<\/th>\n<th scope=\"col\">Siege<\/th>\n<th scope=\"col\">Remis&#8216;<\/th>\n<th scope=\"col\">Niederlagen<\/th>\n<th scope=\"col\">Tore<\/th>\n<th scope=\"col\">Diff.<\/th>\n<th scope=\"col\">Punkte<\/th>\n<\/tr>\n<\/thead>\n<tbody>\n<tr>\n<td>1.<\/td>\n<td>SG Preu\u00dfen IV<\/td>\n<td>4<\/td>\n<td>3<\/td>\n<td>1<\/td>\n<td>0<\/td>\n<td>12:3<\/td>\n<td>+9<\/td>\n<td>10<\/td>\n<\/tr>\n<tr>\n<td>2.<\/td>\n<td>BV Rentfort III<\/td>\n<td>4<\/td>\n<td>2<\/td>\n<td>2<\/td>\n<td>0<\/td>\n<td>14:6<\/td>\n<td>+8<\/td>\n<td>8<\/td>\n<\/tr>\n<tr>\n<td>3.<\/td>\n<td>SV Zweckel III<\/td>\n<td>4<\/td>\n<td>1<\/td>\n<td>2<\/td>\n<td>1<\/td>\n<td>8:7<\/td>\n<td>+1<\/td>\n<td>5<\/td>\n<\/tr>\n<tr>\n<td>4.<\/td>\n<td>SuS SB Gladbeck II<\/td>\n<td>4<\/td>\n<td>1<\/td>\n<td>1<\/td>\n<td>2<\/td>\n<td>9:11<\/td>\n<td>-2<\/td>\n<td>4<\/td>\n<\/tr>\n<tr>\n<td>5.<\/td>\n<td>Adler Ellinghorst II<\/td>\n<td>4<\/td>\n<td>0<\/td>\n<td>0<\/td>\n<td>4<\/td>\n<td>4:20<\/td>\n<td>-16<\/td>\n<td>0<\/td>\n<\/tr>\n<\/tbody>\n<\/table>\n","protected":false},"excerpt":{"rendered":"<p>Die insgesamt sechs Teilnehmer der Zwischenrunde der Reserveteams stehen fest. Dazu z\u00e4hlen gleich alle drei Reserveteams von SG Preu\u00dfen Gladbeck, die Rentforter Zweit- und Drittvertretung sowie der SV Zweckel II. Gruppe A Die zweite Mannschaft von SG Preu\u00dfen Gladbeck spielte eine dominante Vorrunde. Die SGP-Reserve gewann ihre vier Vorrundenspiele und setzte sich damit verdienterma\u00dfen auf [&hellip;]<\/p>\n","protected":false},"author":3,"featured_media":4319,"comment_status":"open","ping_status":"open","sticky":false,"template":"","format":"standard","meta":{"_jetpack_memberships_contains_paid_content":false,"footnotes":"","jetpack_publicize_message":"","jetpack_publicize_feature_enabled":true,"jetpack_social_post_already_shared":false,"jetpack_social_options":{"image_generator_settings":{"template":"highway","default_image_id":0,"font":"","enabled":false},"version":2}},"categories":[20],"tags":[],"class_list":["post-4308","post","type-post","status-publish","format-standard","has-post-thumbnail","hentry","category-2-mannschaft"],"jetpack_publicize_connections":[],"jetpack_featured_media_url":"https:\/\/i0.wp.com\/www.svzweckel.de\/wp-content\/uploads\/2016\/01\/12540640_984540604945603_1693366218285059950_n.jpg?fit=960%2C640&ssl=1","jetpack_sharing_enabled":true,"_links":{"self":[{"href":"https:\/\/www.svzweckel.de\/index.php?rest_route=\/wp\/v2\/posts\/4308","targetHints":{"allow":["GET"]}}],"collection":[{"href":"https:\/\/www.svzweckel.de\/index.php?rest_route=\/wp\/v2\/posts"}],"about":[{"href":"https:\/\/www.svzweckel.de\/index.php?rest_route=\/wp\/v2\/types\/post"}],"author":[{"embeddable":true,"href":"https:\/\/www.svzweckel.de\/index.php?rest_route=\/wp\/v2\/users\/3"}],"replies":[{"embeddable":true,"href":"https:\/\/www.svzweckel.de\/index.php?rest_route=%2Fwp%2Fv2%2Fcomments&post=4308"}],"version-history":[{"count":0,"href":"https:\/\/www.svzweckel.de\/index.php?rest_route=\/wp\/v2\/posts\/4308\/revisions"}],"wp:featuredmedia":[{"embeddable":true,"href":"https:\/\/www.svzweckel.de\/index.php?rest_route=\/wp\/v2\/media\/4319"}],"wp:attachment":[{"href":"https:\/\/www.svzweckel.de\/index.php?rest_route=%2Fwp%2Fv2%2Fmedia&parent=4308"}],"wp:term":[{"taxonomy":"category","embeddable":true,"href":"https:\/\/www.svzweckel.de\/index.php?rest_route=%2Fwp%2Fv2%2Fcategories&post=4308"},{"taxonomy":"post_tag","embeddable":true,"href":"https:\/\/www.svzweckel.de\/index.php?rest_route=%2Fwp%2Fv2%2Ftags&post=4308"}],"curies":[{"name":"wp","href":"https:\/\/api.w.org\/{rel}","templated":true}]}}