{"id":4399,"date":"2016-01-31T18:28:51","date_gmt":"2016-01-31T18:28:51","guid":{"rendered":"http:\/\/www.svzweckel.de\/?p=4399"},"modified":"2016-01-31T18:30:39","modified_gmt":"2016-01-31T18:30:39","slug":"sieg-bie-turu-duesseldorf","status":"publish","type":"post","link":"https:\/\/www.svzweckel.de\/?p=4399","title":{"rendered":"Sieg bei TuRu D\u00fcsseldorf"},"content":{"rendered":"<p><strong>TuRu D\u00fcsseldorf &#8211; SV Zweckel 0:2 (0:1)<\/strong><\/p>\n<p>Beim starken Niederrhein-Oberligisten TuRu D\u00fcsseldorf lieferten die Zweckeler ein starkes Spiel ab und lie\u00dfen kein Gegentor zu. Der Tabellenvierte aus der Landeshauptstadt konnte sich in der ersten Halbzeit vier Mal gegen die Hintermannschaft des SV Zweckel durchsetzen, scheiterte allerdings immer am starken Torh\u00fcter Fabian Matschnigg, der die Null festhielt.<\/p>\n<p>Im Gegenzug setzten die Zweckeler immer wieder Nadelstiche und kamen in der 44. Minute nach einem Standard durch Norman Seidel zum 0:1.<\/p>\n<p>Nach der Pause stand die Zweckeler Abwehr noch besser und lie\u00df nur noch einen gef\u00e4hrlichen Angriff zu, der allerdings auch nicht zum Erfolg f\u00fchrte. Auf der anderen Seite setzte Pjer Radojcic Neuzugang Hatim Bentaleb (siehe Foto) in Szene, der dann auch das erste Tor f\u00fcr seinen neuen Verein und damit auch den Endstand erzielte.<\/p>\n<p>Der SV Zwecke hat nach der schwachen Leistung in Hiesfeld mit dieser Leistung in D\u00fcsseldorf mehr als ein Ausrufezeichen gesetzt.<\/p>\n","protected":false},"excerpt":{"rendered":"<p>TuRu D\u00fcsseldorf &#8211; SV Zweckel 0:2 (0:1) Beim starken Niederrhein-Oberligisten TuRu D\u00fcsseldorf lieferten die Zweckeler ein starkes Spiel ab und lie\u00dfen kein Gegentor zu. Der Tabellenvierte aus der Landeshauptstadt konnte sich in der ersten Halbzeit vier Mal gegen die Hintermannschaft des SV Zweckel durchsetzen, scheiterte allerdings immer am starken Torh\u00fcter Fabian Matschnigg, der die Null [&hellip;]<\/p>\n","protected":false},"author":3,"featured_media":4343,"comment_status":"open","ping_status":"open","sticky":false,"template":"","format":"standard","meta":{"_jetpack_newsletter_access":"","_jetpack_dont_email_post_to_subs":false,"_jetpack_newsletter_tier_id":0,"_jetpack_memberships_contains_paywalled_content":false,"_jetpack_feature_clip_id":0,"_jetpack_memberships_contains_paid_content":false,"footnotes":"","jetpack_publicize_message":"","jetpack_publicize_feature_enabled":true,"jetpack_social_post_already_shared":false,"jetpack_social_options":{"image_generator_settings":{"template":"highway","default_image_id":0,"font":"","enabled":false},"version":2},"jetpack_post_was_ever_published":false},"categories":[2],"tags":[],"class_list":["post-4399","post","type-post","status-publish","format-standard","has-post-thumbnail","hentry","category-1-mannschaft"],"jetpack_publicize_connections":[],"jetpack_sharing_enabled":true,"jetpack_featured_media_url":"https:\/\/i0.wp.com\/www.svzweckel.de\/wp-content\/uploads\/2016\/01\/Hatim_Bentaleb.jpg?fit=574%2C416&ssl=1","_links":{"self":[{"href":"https:\/\/www.svzweckel.de\/index.php?rest_route=\/wp\/v2\/posts\/4399","targetHints":{"allow":["GET"]}}],"collection":[{"href":"https:\/\/www.svzweckel.de\/index.php?rest_route=\/wp\/v2\/posts"}],"about":[{"href":"https:\/\/www.svzweckel.de\/index.php?rest_route=\/wp\/v2\/types\/post"}],"author":[{"embeddable":true,"href":"https:\/\/www.svzweckel.de\/index.php?rest_route=\/wp\/v2\/users\/3"}],"replies":[{"embeddable":true,"href":"https:\/\/www.svzweckel.de\/index.php?rest_route=%2Fwp%2Fv2%2Fcomments&post=4399"}],"version-history":[{"count":0,"href":"https:\/\/www.svzweckel.de\/index.php?rest_route=\/wp\/v2\/posts\/4399\/revisions"}],"wp:featuredmedia":[{"embeddable":true,"href":"https:\/\/www.svzweckel.de\/index.php?rest_route=\/wp\/v2\/media\/4343"}],"wp:attachment":[{"href":"https:\/\/www.svzweckel.de\/index.php?rest_route=%2Fwp%2Fv2%2Fmedia&parent=4399"}],"wp:term":[{"taxonomy":"category","embeddable":true,"href":"https:\/\/www.svzweckel.de\/index.php?rest_route=%2Fwp%2Fv2%2Fcategories&post=4399"},{"taxonomy":"post_tag","embeddable":true,"href":"https:\/\/www.svzweckel.de\/index.php?rest_route=%2Fwp%2Fv2%2Ftags&post=4399"}],"curies":[{"name":"wp","href":"https:\/\/api.w.org\/{rel}","templated":true}]}}