{"id":4413,"date":"2016-02-03T21:44:38","date_gmt":"2016-02-03T21:44:38","guid":{"rendered":"http:\/\/www.svzweckel.de\/?p=4413"},"modified":"2016-02-03T21:49:56","modified_gmt":"2016-02-03T21:49:56","slug":"heimspiel-gegen-neuenkirchen-auf-dem-jahnplatz","status":"publish","type":"post","link":"https:\/\/www.svzweckel.de\/?p=4413","title":{"rendered":"&#8222;Heimspiel&#8220; gegen Neuenkirchen auf dem Jahnplatz"},"content":{"rendered":"<p>Das Nachholspiel gegen SuS Neuenkirchen 09 am 07. Februar 2016, 15:00 Uhr, findet nicht in der Eikemper-Arena sondern auf dem Jahnplatz an der Konrad-Adenauer-Allee statt.<br \/>\nSeit dem 04. Januar kann der SV Zweckel immer wieder auf dem Kunstrasenplatz der Preu\u00dfen trainieren und hat sich mit der Stadt, dem Heimverein und SuS Neuenkirchen darauf geeinigt, das Nachholspiel auf dem ungewohnten Platz auszutragen.<\/p>\n<p>Im Winter hat der SV Zweckel sich von einigen Akteuren getrennt und mit Jonas Schmidt, Dennis Konarski, Marvin Schulz, Torwart Fabian Matschnigg und Hatim Bentaleb hat der SV Zweckel vielversprechende Neuzug\u00e4nge zu verzeichnen.<\/p>\n<p>Die Ergebnisse der Vorbereitungsspiele waren durchwachsen, wobei der letzte Test beim Oberliga-Spitzenteam TuRu D\u00fcsseldorf Hoffnung aufkeimen l\u00e4sst, dass der SV Zweckel doch noch das Wunder des Nichtabstiegs schafft.<\/p>\n<p>Der SV Zweckel hofft nat\u00fcrlich auf eine gro\u00dfe Unterst\u00fctzung auf dem &#8222;fremden&#8220; Platz und m\u00f6chte sich auf dem Kunstrasen gut pr\u00e4sentieren. Das wird gegen Neuenkirchen sicher alles andere als leicht, denn die Mannschaft aus dem n\u00f6rdlichen M\u00fcnsterland liegt nur drei Punkte hinter einem Regionalligaaufstiegsplatz und stellt mit 35 Toren immerhin den zweitst\u00e4rksten Sturm der Liga. Der SV Zweckel muss mit einer mehr als konzentrierten Leistung aufwarten, denn die drittbeste Abwehr der Oberliga wird sicher nicht allzu viele Chancen zulassen.<\/p>\n<p>Nach dem Oberligaspiel bittet die neu formierte Erste der Preu\u00dfen um 17:30 Uhr zu einem Freundschaftsspiel gegen SuS P\u00f6ppinghauen aus Castrop-Rauxel. Und wer am Sonntag noch mehr Fu\u00dfball auf dem Jahnplatz sehen m\u00f6chte, darf sich schon beim Spiel der Preu\u00dfen-Zweiten um 12:00 Uhr gegen Adler Ellinghorst auflaufen.<\/p>\n","protected":false},"excerpt":{"rendered":"<p>Das Nachholspiel gegen SuS Neuenkirchen 09 am 07. Februar 2016, 15:00 Uhr, findet nicht in der Eikemper-Arena sondern auf dem Jahnplatz an der Konrad-Adenauer-Allee statt. Seit dem 04. Januar kann der SV Zweckel immer wieder auf dem Kunstrasenplatz der Preu\u00dfen trainieren und hat sich mit der Stadt, dem Heimverein und SuS Neuenkirchen darauf geeinigt, das [&hellip;]<\/p>\n","protected":false},"author":3,"featured_media":4415,"comment_status":"open","ping_status":"open","sticky":false,"template":"","format":"standard","meta":{"_jetpack_newsletter_access":"","_jetpack_dont_email_post_to_subs":false,"_jetpack_newsletter_tier_id":0,"_jetpack_memberships_contains_paywalled_content":false,"_jetpack_feature_clip_id":0,"_jetpack_memberships_contains_paid_content":false,"footnotes":"","jetpack_publicize_message":"","jetpack_publicize_feature_enabled":true,"jetpack_social_post_already_shared":false,"jetpack_social_options":{"image_generator_settings":{"template":"highway","default_image_id":0,"font":"","enabled":false},"version":2},"jetpack_post_was_ever_published":false},"categories":[2],"tags":[],"class_list":["post-4413","post","type-post","status-publish","format-standard","has-post-thumbnail","hentry","category-1-mannschaft"],"jetpack_publicize_connections":[],"jetpack_sharing_enabled":true,"jetpack_featured_media_url":"https:\/\/i0.wp.com\/www.svzweckel.de\/wp-content\/uploads\/2016\/02\/DSCN0177.jpg?fit=1024%2C768&ssl=1","_links":{"self":[{"href":"https:\/\/www.svzweckel.de\/index.php?rest_route=\/wp\/v2\/posts\/4413","targetHints":{"allow":["GET"]}}],"collection":[{"href":"https:\/\/www.svzweckel.de\/index.php?rest_route=\/wp\/v2\/posts"}],"about":[{"href":"https:\/\/www.svzweckel.de\/index.php?rest_route=\/wp\/v2\/types\/post"}],"author":[{"embeddable":true,"href":"https:\/\/www.svzweckel.de\/index.php?rest_route=\/wp\/v2\/users\/3"}],"replies":[{"embeddable":true,"href":"https:\/\/www.svzweckel.de\/index.php?rest_route=%2Fwp%2Fv2%2Fcomments&post=4413"}],"version-history":[{"count":0,"href":"https:\/\/www.svzweckel.de\/index.php?rest_route=\/wp\/v2\/posts\/4413\/revisions"}],"wp:featuredmedia":[{"embeddable":true,"href":"https:\/\/www.svzweckel.de\/index.php?rest_route=\/wp\/v2\/media\/4415"}],"wp:attachment":[{"href":"https:\/\/www.svzweckel.de\/index.php?rest_route=%2Fwp%2Fv2%2Fmedia&parent=4413"}],"wp:term":[{"taxonomy":"category","embeddable":true,"href":"https:\/\/www.svzweckel.de\/index.php?rest_route=%2Fwp%2Fv2%2Fcategories&post=4413"},{"taxonomy":"post_tag","embeddable":true,"href":"https:\/\/www.svzweckel.de\/index.php?rest_route=%2Fwp%2Fv2%2Ftags&post=4413"}],"curies":[{"name":"wp","href":"https:\/\/api.w.org\/{rel}","templated":true}]}}