{"id":4418,"date":"2016-02-06T21:41:32","date_gmt":"2016-02-06T21:41:32","guid":{"rendered":"http:\/\/www.svzweckel.de\/?p=4418"},"modified":"2016-02-06T21:41:46","modified_gmt":"2016-02-06T21:41:46","slug":"es-gibt-nur-eine-marschroute-fuer-den-sv-zweckel-waz-vom-05-02-2016","status":"publish","type":"post","link":"https:\/\/www.svzweckel.de\/?p=4418","title":{"rendered":"Es gibt nur eine Marschroute f\u00fcr den SV Zweckel (WAZ vom 05.02.2016)"},"content":{"rendered":"<p>Das Schlusslicht der Fu\u00dfball-Oberliga Westfalen nimmt am Sonntag gegen den Tabellendritten SuS Neuenkirchen den Kampf um den Klassenerhalt auf.<img loading=\"lazy\" decoding=\"async\" src=\"http:\/\/a.twiago.com\/adview.php?tz=1454794483932258&amp;pid=1933&amp;kid=4&amp;wmid=10714&amp;sid=3&amp;nvc=1&amp;swid=9031&amp;target1=-\" alt=\"\" width=\"1\" height=\"1\" border=\"0\" \/><\/p>\n<p>Und j\u00e4hrlich gr\u00fc\u00dft den SV Zweckel das R\u00fcckrundenziel: Der Klassenerhalt. Auch in ihrem dritten Oberligajahr kommen die Gr\u00fcnhemden mit einer Herkulesaufgabe vor der Brust aus der Winterpause. Denn die Elf von Trainer G\u00fcnter Appelt rangiert zum Wiederauftakt der zweiten Serie der Spielzeit mit elf Punkten Abstand zum rettenden Ufer auf dem letzten Platz. Wobei, so ganz stimmt das nun doch nicht. Denn wenn der SVZ an diesem Sonntag, 7. Februar, um 15\u00a0Uhr SuS Neuenkirchen empf\u00e4ngt, dann z\u00e4hlt das noch offiziell zur Hinrunde. Die Partie, die eigentlich am Nikolaustag stattfinden sollte, wurde wegen schlechter Platzverh\u00e4ltnisse der Gladbecker Hausherren in das neue Jahr vertagt.<\/p>\n<div class=\"content\">\n<p>\u201eF\u00fcr mich starten wir nach der Winterpause in die R\u00fcckrunde. Ob nun Nachholspiel oder nicht, hat erst einmal f\u00fcr mich keine Bewandtnis,\u201c betont Appelt vor der Partie.<\/p>\n<p>Der Linienchef erwartet von seiner Mannschaft ab jetzt vollen Einsatz: \u201eNun ist die Marschroute nur noch in Richtung Klassenerhalt. Das ist unser Ziel und das hat hoffentlich jeder meiner Spieler vor den Augen.\u201c Doch die Zweckeler werden am Wochenende nicht wie gewohnt an der Dorstener Stra\u00dfe auflaufen \u2013 sondern auf dem Kunstrasen am Jahnplatz an der Konrad-Adenauer-Allee. \u201eTrotzdem bleibt es f\u00fcr uns ein Heimspiel. Wir haben schon in den vergangenen Tagen dort trainiert und kennen den Platz,\u201c sagt Appelt.<\/p>\n<p>Dass seine Kicker generell im ersten Spiel im neuen Jahr nicht verreisen m\u00fcssen, h\u00e4lt der \u00dcbungsleiter zudem f\u00fcr einen Vorteil. \u201eEs ist schon von Wichtigkeit, dass wir unsere Aufgabe zuerst vor heimischer Kulisse angehen\u201c, so Appelt mit Blick auf die Ausw\u00e4rtsschw\u00e4che seiner Mannschaft.<\/p>\n<p>Mit SuS Neuenkirchen wartet direkt ein Hochkar\u00e4ter auf die SVZ-Akteure. Die G\u00e4ste aus dem M\u00fcnsterland belegen aktuell Rang drei der Tabelle \u2013 mit Schlagdistanz zu den Aufstiegspl\u00e4tzen. \u201eNat\u00fcrlich sind wir krasser Au\u00dfenseiter. Neuenkirchen ist eine starke Mannschaft mit super Umschaltspiel und klasse Standards. Aber wir geben alles und k\u00e4mpfen um jeden Punkt. Ob gegen den Ersten oder den Vorletzten,\u201c verspricht Appelt.<\/p>\n<p>Trotz durchwachsender Testspielergebnisse \u2013 fit sei sein Team auf jeden Fall: \u201eIch denke die Neuzug\u00e4nge haben wir in der kurzen Zeit gut in die Mannschaft integriert. Das wollen wir Sonntag zeigen. Und geschlossen als Team auftreten.\u201c<\/p>\n<p>Ein SVZ-Leistungstr\u00e4ger wird sich allerdings gegen Neuenkirchen nicht beweisen k\u00f6nnen: Onur Bicerler hat sich im Test gegen den TV Jahn Hiesfeld einen B\u00e4nderriss zugezogen und wird deshalb noch mindestens zwei Wochen ausfallen. F\u00f6rderlich ist das nicht. Das wei\u00df auch Appelt: \u201eEs wird alles andere als leicht, seinen Ausfall zu kompensieren.\u201c<\/p>\n<\/div>\n","protected":false},"excerpt":{"rendered":"<p>Das Schlusslicht der Fu\u00dfball-Oberliga Westfalen nimmt am Sonntag gegen den Tabellendritten SuS Neuenkirchen den Kampf um den Klassenerhalt auf. Und j\u00e4hrlich gr\u00fc\u00dft den SV Zweckel das R\u00fcckrundenziel: Der Klassenerhalt. Auch in ihrem dritten Oberligajahr kommen die Gr\u00fcnhemden mit einer Herkulesaufgabe vor der Brust aus der Winterpause. Denn die Elf von Trainer G\u00fcnter Appelt rangiert zum [&hellip;]<\/p>\n","protected":false},"author":3,"featured_media":4419,"comment_status":"open","ping_status":"open","sticky":false,"template":"","format":"standard","meta":{"_jetpack_newsletter_access":"","_jetpack_dont_email_post_to_subs":false,"_jetpack_newsletter_tier_id":0,"_jetpack_memberships_contains_paywalled_content":false,"_jetpack_feature_clip_id":0,"_jetpack_memberships_contains_paid_content":false,"footnotes":"","jetpack_publicize_message":"","jetpack_publicize_feature_enabled":true,"jetpack_social_post_already_shared":false,"jetpack_social_options":{"image_generator_settings":{"template":"highway","default_image_id":0,"font":"","enabled":false},"version":2},"jetpack_post_was_ever_published":false},"categories":[2],"tags":[],"class_list":["post-4418","post","type-post","status-publish","format-standard","has-post-thumbnail","hentry","category-1-mannschaft"],"jetpack_publicize_connections":[],"jetpack_sharing_enabled":true,"jetpack_featured_media_url":"https:\/\/i0.wp.com\/www.svzweckel.de\/wp-content\/uploads\/2016\/02\/Appelt.jpg?fit=616%2C225&ssl=1","_links":{"self":[{"href":"https:\/\/www.svzweckel.de\/index.php?rest_route=\/wp\/v2\/posts\/4418","targetHints":{"allow":["GET"]}}],"collection":[{"href":"https:\/\/www.svzweckel.de\/index.php?rest_route=\/wp\/v2\/posts"}],"about":[{"href":"https:\/\/www.svzweckel.de\/index.php?rest_route=\/wp\/v2\/types\/post"}],"author":[{"embeddable":true,"href":"https:\/\/www.svzweckel.de\/index.php?rest_route=\/wp\/v2\/users\/3"}],"replies":[{"embeddable":true,"href":"https:\/\/www.svzweckel.de\/index.php?rest_route=%2Fwp%2Fv2%2Fcomments&post=4418"}],"version-history":[{"count":0,"href":"https:\/\/www.svzweckel.de\/index.php?rest_route=\/wp\/v2\/posts\/4418\/revisions"}],"wp:featuredmedia":[{"embeddable":true,"href":"https:\/\/www.svzweckel.de\/index.php?rest_route=\/wp\/v2\/media\/4419"}],"wp:attachment":[{"href":"https:\/\/www.svzweckel.de\/index.php?rest_route=%2Fwp%2Fv2%2Fmedia&parent=4418"}],"wp:term":[{"taxonomy":"category","embeddable":true,"href":"https:\/\/www.svzweckel.de\/index.php?rest_route=%2Fwp%2Fv2%2Fcategories&post=4418"},{"taxonomy":"post_tag","embeddable":true,"href":"https:\/\/www.svzweckel.de\/index.php?rest_route=%2Fwp%2Fv2%2Ftags&post=4418"}],"curies":[{"name":"wp","href":"https:\/\/api.w.org\/{rel}","templated":true}]}}