{"id":4421,"date":"2016-02-12T07:37:12","date_gmt":"2016-02-12T07:37:12","guid":{"rendered":"http:\/\/www.svzweckel.de\/?p=4421"},"modified":"2016-02-13T20:06:15","modified_gmt":"2016-02-13T20:06:15","slug":"westfalenpokal-201516-b-junioren-runde-1","status":"publish","type":"post","link":"https:\/\/www.svzweckel.de\/?p=4421","title":{"rendered":"Westfalenpokal 2015\/16 B-Junioren &#8211; Runde 1&#8230;"},"content":{"rendered":"<p><strong><span style=\"color: #008000;\">SV Zweckel 23 U17 \u2013 TSC Eintracht Dortmund U17<\/span><\/strong><\/p>\n<p>Sonntag, 14.Feburar 2016, 10.30 Uhr \u201eK\u00e4fig\u201c in Zweckel<\/p>\n<p>Als erstes Jugendteam startet die B1-Jugend der Gr\u00fcnhemden in die R\u00fcckrunde und erwartet dabei direkt einen richtigen \u201eHammer\u201c.\u00a0In der ersten Runde des diesj\u00e4hrigen Westfalenpokals (Teilnehmer u.A. die U17 der Bundesligisten Schalke und Dortmund) empf\u00e4ngt man im heimischen \u201eK\u00e4fig\u201c den aktuell Tabellenzweiten der Landesliga Staffel, TSC Eintracht Dortmund.<br \/>\nSomit darf sich der Kreispokalsieger Gelsenkirchen mit dem Kreispokalsieger Dormund messen \u2013 praktisch ein echtes Derby!\u00a0Dortmund ist dabei klar favorisiert, jedoch werden die \u201eGr\u00fcnen\u201c richtig \u201eKasalla\u201c geben, um einen tollen Pokalfight abzuliefern.<\/p>\n<p>Dabei freuen sich die Jungs auf jede Unterst\u00fctzung und hoffen, dass m\u00f6glichst viele Zweckler Anh\u00e4nger zum Anfeuern kommen \u2013 Wir freuen uns!<\/p>\n","protected":false},"excerpt":{"rendered":"<p>SV Zweckel 23 U17 \u2013 TSC Eintracht Dortmund U17 Sonntag, 14.Feburar 2016, 10.30 Uhr \u201eK\u00e4fig\u201c in Zweckel Als erstes Jugendteam startet die B1-Jugend der Gr\u00fcnhemden in die R\u00fcckrunde und erwartet dabei direkt einen richtigen \u201eHammer\u201c.\u00a0In der ersten Runde des diesj\u00e4hrigen Westfalenpokals (Teilnehmer u.A. die U17 der Bundesligisten Schalke und Dortmund) empf\u00e4ngt man im heimischen \u201eK\u00e4fig\u201c [&hellip;]<\/p>\n","protected":false},"author":3,"featured_media":4321,"comment_status":"open","ping_status":"open","sticky":false,"template":"","format":"standard","meta":{"_jetpack_newsletter_access":"","_jetpack_dont_email_post_to_subs":false,"_jetpack_newsletter_tier_id":0,"_jetpack_memberships_contains_paywalled_content":false,"_jetpack_feature_clip_id":0,"_jetpack_memberships_contains_paid_content":false,"footnotes":"","jetpack_publicize_message":"","jetpack_publicize_feature_enabled":true,"jetpack_social_post_already_shared":false,"jetpack_social_options":{"image_generator_settings":{"template":"highway","default_image_id":0,"font":"","enabled":false},"version":2},"jetpack_post_was_ever_published":false},"categories":[2],"tags":[],"class_list":["post-4421","post","type-post","status-publish","format-standard","has-post-thumbnail","hentry","category-1-mannschaft"],"jetpack_publicize_connections":[],"jetpack_sharing_enabled":true,"jetpack_featured_media_url":"https:\/\/i0.wp.com\/www.svzweckel.de\/wp-content\/uploads\/2016\/01\/20151114_150618.jpg?fit=1024%2C576&ssl=1","_links":{"self":[{"href":"https:\/\/www.svzweckel.de\/index.php?rest_route=\/wp\/v2\/posts\/4421","targetHints":{"allow":["GET"]}}],"collection":[{"href":"https:\/\/www.svzweckel.de\/index.php?rest_route=\/wp\/v2\/posts"}],"about":[{"href":"https:\/\/www.svzweckel.de\/index.php?rest_route=\/wp\/v2\/types\/post"}],"author":[{"embeddable":true,"href":"https:\/\/www.svzweckel.de\/index.php?rest_route=\/wp\/v2\/users\/3"}],"replies":[{"embeddable":true,"href":"https:\/\/www.svzweckel.de\/index.php?rest_route=%2Fwp%2Fv2%2Fcomments&post=4421"}],"version-history":[{"count":0,"href":"https:\/\/www.svzweckel.de\/index.php?rest_route=\/wp\/v2\/posts\/4421\/revisions"}],"wp:featuredmedia":[{"embeddable":true,"href":"https:\/\/www.svzweckel.de\/index.php?rest_route=\/wp\/v2\/media\/4321"}],"wp:attachment":[{"href":"https:\/\/www.svzweckel.de\/index.php?rest_route=%2Fwp%2Fv2%2Fmedia&parent=4421"}],"wp:term":[{"taxonomy":"category","embeddable":true,"href":"https:\/\/www.svzweckel.de\/index.php?rest_route=%2Fwp%2Fv2%2Fcategories&post=4421"},{"taxonomy":"post_tag","embeddable":true,"href":"https:\/\/www.svzweckel.de\/index.php?rest_route=%2Fwp%2Fv2%2Ftags&post=4421"}],"curies":[{"name":"wp","href":"https:\/\/api.w.org\/{rel}","templated":true}]}}