{"id":4444,"date":"2016-02-11T18:42:06","date_gmt":"2016-02-11T18:42:06","guid":{"rendered":"http:\/\/www.svzweckel.de\/?p=4444"},"modified":"2016-02-11T18:42:06","modified_gmt":"2016-02-11T18:42:06","slug":"appelt-glaubt-an-die-aufholjagd-reviersport-vom-11-02-16","status":"publish","type":"post","link":"https:\/\/www.svzweckel.de\/?p=4444","title":{"rendered":"Appelt glaubt an die Aufholjagd (Reviersport vom 11.02.16)"},"content":{"rendered":"<p class=\"teaser\">Obwohl auch das erste Spiel der R\u00fcckrunde gegen SuS Neuenkirchen mit 2:4 verloren ging, glaubt Trainer G\u00fcnter Appelt noch an das Wunder.<\/p>\n<div class=\"rs-ad rs-rectangle\">\n<div class=\"rs-ad-container\">\n<div id=\"sas_4459\">\n<div id=\"sas_4459_i5153869\" class=\"oneTag\"><iframe id=\"sas_4459_ibanner\" width=\"0px\" height=\"0px\" frameborder=\"0\"><\/iframe>Der Abstand auf den ersten Nichtabstiegsplatz betr\u00e4gt weiterhin elf Punkte. Die Niederlage gegen Neuenkirchen hat Appelt aber als Schritt in die richtige Richtung gesehen: &#8222;Wir waren nicht schlechter. Wir h\u00e4tten das Spiel gewinnen k\u00f6nnen.&#8220; Bitter waren allerdings die zwei Platzverweise kurz vor Schluss: &#8222;Es wird sehr schwer, das zu kompensieren. Damit bringen sich die Spieler um den eigenen Lohn. Beide Aktionen waren dumm und unn\u00f6tig.&#8220;<\/div>\n<\/div>\n<\/div>\n<\/div>\n<div class=\"text\">\n<div id=\"plista_widget_outstream_56bcd252cca44\" class=\"plista_widget_outstream\" data-widget=\"\">Den Weg zum Klassenerhalt erleichtern die daraus resultierenden Sperren nicht. Das wei\u00df auch Appelt: &#8222;Wir gehen ohnehin schon auf dem Zahnfleisc. Deshalb ist das ein gro\u00dfer Schaden f\u00fcr die Mannschaft. Aber warum sollten wir es nicht schaffen? Es sind noch 13 Spiele zu spielen und genug Punkte zu holen. Wenn wir jetzt aus den n\u00e4chsten drei bis vier Spielen wieder nichts holen, wird es aber sehr eng.&#8220;<\/div>\n<p>Am Sonntag geht es jetzt zum direkten Konkurrenten Paderborn II. Mit einem Sieg k\u00f6nnte Zweckel wichtiges Selbstvertrauen sch\u00f6pfen und eine Aufholjagd starten: &#8222;In dem Spiel geht es um sehr viel f\u00fcr uns. Wir m\u00fcssen alles tun, um dort drei Punkte zu holen.&#8220; Wichtig seien laut Appelt dabei vor allem die grundlegenden Tugenden: &#8222;Wir m\u00fcssen mit Moral und Kampfbereitschaft versuchen, den Bock umzusto\u00dfen, um uns einen Lauf zu erarbeiten.&#8220;<\/p>\n<p>Die Stimmung in der Mannschaft habe sich von der sportlichen Misere aber nicht tr\u00fcben lassen. Im Winter habe Appelt sich von einigen &#8222;Quertreibern, die schlechte Stimmung verbreitet haben&#8220;, getrennt: &#8222;Die Trainingsleistung ist gut und der Einsatzwille stimmt. Allerdings ist unser Problem der Qualit\u00e4tsanspruch. Spieler, die wir aus der Kreisliga geholt haben, wie zum Beispiel Kevin Klein, haben sich mittlerweile sehr gut entwickelt und an das Tempo angepasst. Wenn wir das so durchziehen k\u00f6nnen, ist der Klassenerhalt zu schaffen.&#8220;<\/p>\n<\/div>\n","protected":false},"excerpt":{"rendered":"<p>Obwohl auch das erste Spiel der R\u00fcckrunde gegen SuS Neuenkirchen mit 2:4 verloren ging, glaubt Trainer G\u00fcnter Appelt noch an das Wunder. Der Abstand auf den ersten Nichtabstiegsplatz betr\u00e4gt weiterhin elf Punkte. Die Niederlage gegen Neuenkirchen hat Appelt aber als Schritt in die richtige Richtung gesehen: &#8222;Wir waren nicht schlechter. Wir h\u00e4tten das Spiel gewinnen [&hellip;]<\/p>\n","protected":false},"author":3,"featured_media":4446,"comment_status":"open","ping_status":"open","sticky":false,"template":"","format":"standard","meta":{"_jetpack_newsletter_access":"","_jetpack_dont_email_post_to_subs":false,"_jetpack_newsletter_tier_id":0,"_jetpack_memberships_contains_paywalled_content":false,"_jetpack_feature_clip_id":0,"_jetpack_memberships_contains_paid_content":false,"footnotes":"","jetpack_publicize_message":"","jetpack_publicize_feature_enabled":true,"jetpack_social_post_already_shared":false,"jetpack_social_options":{"image_generator_settings":{"template":"highway","default_image_id":0,"font":"","enabled":false},"version":2},"jetpack_post_was_ever_published":false},"categories":[2],"tags":[],"class_list":["post-4444","post","type-post","status-publish","format-standard","has-post-thumbnail","hentry","category-1-mannschaft"],"jetpack_publicize_connections":[],"jetpack_sharing_enabled":true,"jetpack_featured_media_url":"https:\/\/i0.wp.com\/www.svzweckel.de\/wp-content\/uploads\/2016\/02\/697.jpeg?fit=573%2C384&ssl=1","_links":{"self":[{"href":"https:\/\/www.svzweckel.de\/index.php?rest_route=\/wp\/v2\/posts\/4444","targetHints":{"allow":["GET"]}}],"collection":[{"href":"https:\/\/www.svzweckel.de\/index.php?rest_route=\/wp\/v2\/posts"}],"about":[{"href":"https:\/\/www.svzweckel.de\/index.php?rest_route=\/wp\/v2\/types\/post"}],"author":[{"embeddable":true,"href":"https:\/\/www.svzweckel.de\/index.php?rest_route=\/wp\/v2\/users\/3"}],"replies":[{"embeddable":true,"href":"https:\/\/www.svzweckel.de\/index.php?rest_route=%2Fwp%2Fv2%2Fcomments&post=4444"}],"version-history":[{"count":0,"href":"https:\/\/www.svzweckel.de\/index.php?rest_route=\/wp\/v2\/posts\/4444\/revisions"}],"wp:featuredmedia":[{"embeddable":true,"href":"https:\/\/www.svzweckel.de\/index.php?rest_route=\/wp\/v2\/media\/4446"}],"wp:attachment":[{"href":"https:\/\/www.svzweckel.de\/index.php?rest_route=%2Fwp%2Fv2%2Fmedia&parent=4444"}],"wp:term":[{"taxonomy":"category","embeddable":true,"href":"https:\/\/www.svzweckel.de\/index.php?rest_route=%2Fwp%2Fv2%2Fcategories&post=4444"},{"taxonomy":"post_tag","embeddable":true,"href":"https:\/\/www.svzweckel.de\/index.php?rest_route=%2Fwp%2Fv2%2Ftags&post=4444"}],"curies":[{"name":"wp","href":"https:\/\/api.w.org\/{rel}","templated":true}]}}