{"id":4447,"date":"2016-02-11T19:49:12","date_gmt":"2016-02-11T19:49:12","guid":{"rendered":"http:\/\/www.svzweckel.de\/?p=4447"},"modified":"2016-02-11T19:56:24","modified_gmt":"2016-02-11T19:56:24","slug":"das-letzte-aufgebot","status":"publish","type":"post","link":"https:\/\/www.svzweckel.de\/?p=4447","title":{"rendered":"Das letzte Aufgebot"},"content":{"rendered":"<p><strong>Sonntag, 14.02.16, 15:00 Uhr: SC Paderborn II \u2013 SV Zweckel<\/strong><\/p>\n<p>Der SV Zweckel muss zum Ausw\u00e4rtsspiel am kommenden Sonntag mit dem letzten Aufgebot anreisen. Nach den Platzverweisen gegen Muhamed Demir und Devin M\u00fcller stellt sich die Elf fast schon von alleine auf. Erstgenannter d\u00fcrfte im kommenden Heimspiel schon wieder eingreifen, die Sperre gegen Devin M\u00fcller wird allerdings durch die Verbandsspruchkammer festgelegt.<br \/>\nSchiedsrichter Fabian Exner hatte einen Sonderbericht verfasst, in welchem nicht nur die rote Karte, sondern auch noch andere Dinge thematisiert wurden, zu denen der SV Zweckel bei der Verbandsspruchkammer Stellung beziehen muss.<br \/>\nDer SC Paderborn hat mit 18 Punkten auch noch nicht genug Punkte geholt, um die Saison ruhig anzugehen. Allerdings d\u00fcrfte das bei dem Nachwuchs einer Profiabteilung der 2. Liga kein gro\u00dfes Problem darstellen, denn bei Bedarf k\u00f6nnen immer wieder Spieler aus dem Kader von Stefan Effenberg das Oberligateam verst\u00e4rken.<br \/>\nTrotz aller R\u00fcckschl\u00e4ge reist der SVZ nicht in die ostwestf\u00e4lische Gro\u00dfstadt, um die Punkte kampflos abzugeben. Das Hinspiel am 17.09.15 endete 0:0, wobei beide Mannschaften nicht ihren besten Tag erwischten.<\/p>\n<p>Adresse und Anfahrt:<br \/>\nSC Paderborn, Sportzentrum Breite Bruch, Neuenbekener Stra\u00dfe 25, 33104 Paderborn<br \/>\n\u00dcber die BAB 2 Richtung Bielefeld bis zum Kreuz Bielefeld, auf die BAB 33 Richtung Paderborn, in Paderborn-Elsen auf die B1 Richtung Detmold, nach 7,5 km Ausfahrt Neuenbeken\/Bad Lippspringe, im Kreisverkehr die erste Ausfahrt Detmolder Stra\u00dfe, nach 400 m links auf Neuenbekener Stra\u00dfe<\/p>\n","protected":false},"excerpt":{"rendered":"<p>Sonntag, 14.02.16, 15:00 Uhr: SC Paderborn II \u2013 SV Zweckel Der SV Zweckel muss zum Ausw\u00e4rtsspiel am kommenden Sonntag mit dem letzten Aufgebot anreisen. Nach den Platzverweisen gegen Muhamed Demir und Devin M\u00fcller stellt sich die Elf fast schon von alleine auf. Erstgenannter d\u00fcrfte im kommenden Heimspiel schon wieder eingreifen, die Sperre gegen Devin M\u00fcller [&hellip;]<\/p>\n","protected":false},"author":3,"featured_media":4450,"comment_status":"open","ping_status":"open","sticky":false,"template":"","format":"standard","meta":{"_jetpack_newsletter_access":"","_jetpack_dont_email_post_to_subs":false,"_jetpack_newsletter_tier_id":0,"_jetpack_memberships_contains_paywalled_content":false,"_jetpack_feature_clip_id":0,"_jetpack_memberships_contains_paid_content":false,"footnotes":"","jetpack_publicize_message":"","jetpack_publicize_feature_enabled":true,"jetpack_social_post_already_shared":false,"jetpack_social_options":{"image_generator_settings":{"template":"highway","default_image_id":0,"font":"","enabled":false},"version":2},"jetpack_post_was_ever_published":false},"categories":[2],"tags":[],"class_list":["post-4447","post","type-post","status-publish","format-standard","has-post-thumbnail","hentry","category-1-mannschaft"],"jetpack_publicize_connections":[],"jetpack_sharing_enabled":true,"jetpack_featured_media_url":"https:\/\/i0.wp.com\/www.svzweckel.de\/wp-content\/uploads\/2016\/02\/20160117_185101.jpg?fit=1024%2C576&ssl=1","_links":{"self":[{"href":"https:\/\/www.svzweckel.de\/index.php?rest_route=\/wp\/v2\/posts\/4447","targetHints":{"allow":["GET"]}}],"collection":[{"href":"https:\/\/www.svzweckel.de\/index.php?rest_route=\/wp\/v2\/posts"}],"about":[{"href":"https:\/\/www.svzweckel.de\/index.php?rest_route=\/wp\/v2\/types\/post"}],"author":[{"embeddable":true,"href":"https:\/\/www.svzweckel.de\/index.php?rest_route=\/wp\/v2\/users\/3"}],"replies":[{"embeddable":true,"href":"https:\/\/www.svzweckel.de\/index.php?rest_route=%2Fwp%2Fv2%2Fcomments&post=4447"}],"version-history":[{"count":0,"href":"https:\/\/www.svzweckel.de\/index.php?rest_route=\/wp\/v2\/posts\/4447\/revisions"}],"wp:featuredmedia":[{"embeddable":true,"href":"https:\/\/www.svzweckel.de\/index.php?rest_route=\/wp\/v2\/media\/4450"}],"wp:attachment":[{"href":"https:\/\/www.svzweckel.de\/index.php?rest_route=%2Fwp%2Fv2%2Fmedia&parent=4447"}],"wp:term":[{"taxonomy":"category","embeddable":true,"href":"https:\/\/www.svzweckel.de\/index.php?rest_route=%2Fwp%2Fv2%2Fcategories&post=4447"},{"taxonomy":"post_tag","embeddable":true,"href":"https:\/\/www.svzweckel.de\/index.php?rest_route=%2Fwp%2Fv2%2Ftags&post=4447"}],"curies":[{"name":"wp","href":"https:\/\/api.w.org\/{rel}","templated":true}]}}