{"id":4464,"date":"2016-02-14T21:32:00","date_gmt":"2016-02-14T21:32:00","guid":{"rendered":"http:\/\/www.svzweckel.de\/?p=4464"},"modified":"2016-02-14T21:36:18","modified_gmt":"2016-02-14T21:36:18","slug":"auswaertssieg","status":"publish","type":"post","link":"https:\/\/www.svzweckel.de\/?p=4464","title":{"rendered":"Ausw\u00e4rtssieg!"},"content":{"rendered":"<p>. . . skandierten die Zweckeler Anh\u00e4nger. Kapit\u00e4n Norman Seidel (siehe Bild) schwor seine Teamkollegen nach dem \u00fcberraschenden Sieg gegen Paderborn schon auf die kommenden Aufgaben ein. Mit dieser Leidenschaft und Kampfkraft wird noch Vieles m\u00f6glich sein.<\/p>\n<p>Die Partie in Paderborn begann mit einer Viertelstunde Versp\u00e4tung, weil der SV Zweckel auf Grund der Verkehrslage etwas sp\u00e4ter am Ausweichplatz eintraf. Die Paderborner hatten das Spiel auf der gepflegten Platzanlage des SV Marienloh angesetzt. Bei fortw\u00e4hrendem Nieselregen war diese Ma\u00dfnahme auch notwendig, da beide Mannschaften auf dem Kunstrasen ein gepflegtes und flottes Oberligaspiel hinlegten.<br \/>\nNach druckvollem Beginn der Gastgeber konnten sich die G\u00e4ste nach gut 10 Minuten aus der ersten Umklammerung befreien und fuhren einige vielversprechende Konter. In der 25. Minute bekam die Zweckeler Hintermannschaft den Ball nicht aus der Gefahrenzone nach einer Flanke k\u00f6pfte Sefan Kaynak die Gastgeber in F\u00fchrung.<br \/>\nNur sieben Minuten sp\u00e4ter schickte Neuzugang Hatim Bentaleb seinen Sturmkollegen Jonas Schmidt auf die Reise, der nach seiner R\u00fcckkehr zum ersten Mal traf und den Ausgleich erzielte. Nur zwei Minuten sp\u00e4ter belohnte sich Kevin Klein f\u00fcr eine starke Leistung mit seinem ersten Oberligator. Er nahm einen Diagonalball mit der Brust mit und erkannte, dass der Paderborner Keeper zu weit vor dem Tor stand. Mit dem schw\u00e4cheren linken Fu\u00df \u00fcberwand er Goalie mit einem sensationellen Heber. Der Gast f\u00fchrte und ging erstmalig seit Monaten mit einer F\u00fchrung in den Pausentee.<\/p>\n<p>Trainer G\u00fcner Appelt hatte mit seinem Co-Trainer Marc Bahl praktisch das \u201eletzte\u201c Aufgebot auf den Kunstrasen gesetzt. Christian Kaminski, der sein Fu\u00dfballschuhe in der Oberliga bereits an den ber\u00fchmten Nagel geh\u00e4ngt hatte, durfte in der Startelf auflaufen. Nach zwei Trainingseinheiten auf dem Platz und einer Krafteinheit beim Partner Topic-Fitness in Gladbeck, reichte es immerhin f\u00fcr 90 Minuten in Paderborn, in welcher \u201eAlterspr\u00e4sident\u201c seine Aufgabe mehr als zufrieden stellend l\u00f6ste.<\/p>\n<p>Nach der Pause dr\u00fcckten die Gastgeber mit Macht auf den Ausgleich, doch die Zweckeler Abwehr mit \u201eBlitz\u201c Konarski und \u201eKamille\u201c in der Innenverteidigung und Marcel Titz bzw. Norman Seidel als Au\u00dfenverteidiger. Marvin Schulz und Enes Aldirmaz r\u00e4umten als 6er vor der Abwehr ab und stabilisierten den Defensivverbund. Dadurch, dass auch die Offensivkr\u00e4fte Ramadan Ibrahim, Jonas Schmidt, Kevin Klein und Hatim Bentaleb viel Laufarbeit nach hinten verrichteten, kamen die Paderborner selten zu gef\u00e4hrlichen Angriffen.<\/p>\n<p>In der 65. Minute sorgte Hatim Bentaleb f\u00fcr seinen heutigen zweiten Scorerpunkt, denn der setzte abermals Jonas Schmidt musterg\u00fcltig ein, der mit dem 1:3 sein zweites Tor erzielte. Kurze Zeit sp\u00e4ter wechselte der SV Zweckel zweimal aus. Pjer Radojcic kam f\u00fcr Ramadan Ibrahim und Onur \u00d6zbicerler l\u00f6ste den zweifachen Torsch\u00fctzen Jonas Schmidt ab. In der 78. Minute kam auch noch Tim Nikolay f\u00fcr Marvin Schulz, der nach einer gelben Karte und einem weiteren Foulspiel gelb-rot-gef\u00e4hrdet war. Sieben Minuten vor Spielende verungl\u00fcckte dem Paderborner Till Neumann eine Flanke und der Ball senkte sich zur \u00dcberraschung von Fabian Matschnigg ins Zweckeler Tor. Der Gastgeber war wieder dran und bekam die zweite Luft. Doch der SV Zweckel stand weiter gut und au\u00dfer drei Standards nach Foulspielen bzw. Eckb\u00e4llen kamen die Paderborner zu keinen weiteren nennenswerten Torchancen. Bei zwei schnellen Kontern h\u00e4tten die Zweckeler auch noch auf 2:4 erh\u00f6hen k\u00f6nnen, aber das w\u00e4re heute vermutlich des Guten zu viel gewesen. So sehnten die Ersatzbank und die ca. 20 mitgereisten Zweckeler Fans den Schlusspfiff des guten Schiedsrichtergespanns unter Leitung von Samuel Cabello Perez aus Verl herbei. Nach dem Abpfiff brach gro\u00dfer Jubel aus, denn die Rumpfmannschaft hatte gezeigt, dass sie an sich glaubt und den Kampf noch lange nicht aufgegeben hat. Mit einer solchen Leistung werden die Zweckeler noch eine Menge Punkte holen.<\/p>\n<p>Gl\u00fcckauf!<\/p>\n","protected":false},"excerpt":{"rendered":"<p>. . . skandierten die Zweckeler Anh\u00e4nger. Kapit\u00e4n Norman Seidel (siehe Bild) schwor seine Teamkollegen nach dem \u00fcberraschenden Sieg gegen Paderborn schon auf die kommenden Aufgaben ein. Mit dieser Leidenschaft und Kampfkraft wird noch Vieles m\u00f6glich sein. Die Partie in Paderborn begann mit einer Viertelstunde Versp\u00e4tung, weil der SV Zweckel auf Grund der Verkehrslage etwas [&hellip;]<\/p>\n","protected":false},"author":3,"featured_media":4466,"comment_status":"open","ping_status":"open","sticky":false,"template":"","format":"standard","meta":{"_jetpack_newsletter_access":"","_jetpack_dont_email_post_to_subs":false,"_jetpack_newsletter_tier_id":0,"_jetpack_memberships_contains_paywalled_content":false,"_jetpack_feature_clip_id":0,"_jetpack_memberships_contains_paid_content":false,"footnotes":"","jetpack_publicize_message":"","jetpack_publicize_feature_enabled":true,"jetpack_social_post_already_shared":false,"jetpack_social_options":{"image_generator_settings":{"template":"highway","default_image_id":0,"font":"","enabled":false},"version":2},"jetpack_post_was_ever_published":false},"categories":[2],"tags":[],"class_list":["post-4464","post","type-post","status-publish","format-standard","has-post-thumbnail","hentry","category-1-mannschaft"],"jetpack_publicize_connections":[],"jetpack_sharing_enabled":true,"jetpack_featured_media_url":"https:\/\/i0.wp.com\/www.svzweckel.de\/wp-content\/uploads\/2016\/02\/2016-02-14-17.09.22.jpg?fit=1024%2C576&ssl=1","_links":{"self":[{"href":"https:\/\/www.svzweckel.de\/index.php?rest_route=\/wp\/v2\/posts\/4464","targetHints":{"allow":["GET"]}}],"collection":[{"href":"https:\/\/www.svzweckel.de\/index.php?rest_route=\/wp\/v2\/posts"}],"about":[{"href":"https:\/\/www.svzweckel.de\/index.php?rest_route=\/wp\/v2\/types\/post"}],"author":[{"embeddable":true,"href":"https:\/\/www.svzweckel.de\/index.php?rest_route=\/wp\/v2\/users\/3"}],"replies":[{"embeddable":true,"href":"https:\/\/www.svzweckel.de\/index.php?rest_route=%2Fwp%2Fv2%2Fcomments&post=4464"}],"version-history":[{"count":0,"href":"https:\/\/www.svzweckel.de\/index.php?rest_route=\/wp\/v2\/posts\/4464\/revisions"}],"wp:featuredmedia":[{"embeddable":true,"href":"https:\/\/www.svzweckel.de\/index.php?rest_route=\/wp\/v2\/media\/4466"}],"wp:attachment":[{"href":"https:\/\/www.svzweckel.de\/index.php?rest_route=%2Fwp%2Fv2%2Fmedia&parent=4464"}],"wp:term":[{"taxonomy":"category","embeddable":true,"href":"https:\/\/www.svzweckel.de\/index.php?rest_route=%2Fwp%2Fv2%2Fcategories&post=4464"},{"taxonomy":"post_tag","embeddable":true,"href":"https:\/\/www.svzweckel.de\/index.php?rest_route=%2Fwp%2Fv2%2Ftags&post=4464"}],"curies":[{"name":"wp","href":"https:\/\/api.w.org\/{rel}","templated":true}]}}