{"id":4472,"date":"2016-02-15T21:35:18","date_gmt":"2016-02-15T21:35:18","guid":{"rendered":"http:\/\/www.svzweckel.de\/?p=4472"},"modified":"2016-02-15T21:35:42","modified_gmt":"2016-02-15T21:35:42","slug":"freitagabend-gegen-bielefeld","status":"publish","type":"post","link":"https:\/\/www.svzweckel.de\/?p=4472","title":{"rendered":"Freitagabend gegen Bielefeld"},"content":{"rendered":"<p>Auf Bitten von Arminia Bielefeld hat der SV Zweckel das Oberligaheimspiel auf den kommenden<\/p>\n<p style=\"text-align: center;\"><strong>Freitag, 19.02.16, 19:30 Uhr <\/strong><\/p>\n<p>vorverlegt. Sollte die Witterungslage nicht entscheidend besser werden, wird auch dieses Heimspiel in der Eikemper-Arena nicht stattfinden k\u00f6nnen.<\/p>\n<p>Nach dem \u00fcberraschenden Sieg in Paderborn sch\u00f6pfen die Zweckeler wieder Hoffnung und wollen beim n\u00e4chsten Heimspiel nachlegen. Dann geh\u00f6rt Muhamed Demir wieder zum Aufgebot, w\u00e4hrend Serkan K\u00f6se und Devin M\u00fcller nach ihren roten Karten immer noch gesperrt sind.<\/p>\n<p>Die Kreispruchkammer glaubte dem Schiedsrichter Marcel Brinkpeter, der im HSM-Spiel Ellinghorst gegen den SV Zweckel eine T\u00e4tlichkeit gesehen haben will und sperrte Serkan K\u00f6se f\u00fcr 6 Wochen bzw. sechs Plfichtspiele.<\/p>\n<p>DSC Arminia Bielefeld belegt aktuell den 11. Tabellenplatz und weist 21 Punkte auf. Damit haben die G\u00e4ste immerhin 11 Punkte mehr auf der Habenseite als er SV Zweckel, der am letzten Sonntag erst seinen zweiten Saisonsieg feiern konnte. Nach dem guten Heimspiel gegen Neuenkirchen und dem Erfolg in Paderborn, scheint die Mannschaft von G\u00fcnter Appelt auf einem guten Weg zu sein.<br \/>\nDas Hinspiel gewannen die Bielefelder mit 4:1 und zeigten den Zweckelern klar die Grenzen auf. Es wird also eine mehr als schwierige Aufgabe f\u00fcr die Schwarz-Gr\u00fcnen am kommenden Freitag.<\/p>\n","protected":false},"excerpt":{"rendered":"<p>Auf Bitten von Arminia Bielefeld hat der SV Zweckel das Oberligaheimspiel auf den kommenden Freitag, 19.02.16, 19:30 Uhr vorverlegt. Sollte die Witterungslage nicht entscheidend besser werden, wird auch dieses Heimspiel in der Eikemper-Arena nicht stattfinden k\u00f6nnen. Nach dem \u00fcberraschenden Sieg in Paderborn sch\u00f6pfen die Zweckeler wieder Hoffnung und wollen beim n\u00e4chsten Heimspiel nachlegen. Dann geh\u00f6rt [&hellip;]<\/p>\n","protected":false},"author":3,"featured_media":4473,"comment_status":"open","ping_status":"open","sticky":false,"template":"","format":"standard","meta":{"_jetpack_newsletter_access":"","_jetpack_dont_email_post_to_subs":false,"_jetpack_newsletter_tier_id":0,"_jetpack_memberships_contains_paywalled_content":false,"_jetpack_feature_clip_id":0,"_jetpack_memberships_contains_paid_content":false,"footnotes":"","jetpack_publicize_message":"","jetpack_publicize_feature_enabled":true,"jetpack_social_post_already_shared":false,"jetpack_social_options":{"image_generator_settings":{"template":"highway","default_image_id":0,"font":"","enabled":false},"version":2},"jetpack_post_was_ever_published":false},"categories":[2],"tags":[],"class_list":["post-4472","post","type-post","status-publish","format-standard","has-post-thumbnail","hentry","category-1-mannschaft"],"jetpack_publicize_connections":[],"jetpack_sharing_enabled":true,"jetpack_featured_media_url":"https:\/\/i0.wp.com\/www.svzweckel.de\/wp-content\/uploads\/2016\/02\/2016-02-14-17.08.18.jpg?fit=1024%2C576&ssl=1","_links":{"self":[{"href":"https:\/\/www.svzweckel.de\/index.php?rest_route=\/wp\/v2\/posts\/4472","targetHints":{"allow":["GET"]}}],"collection":[{"href":"https:\/\/www.svzweckel.de\/index.php?rest_route=\/wp\/v2\/posts"}],"about":[{"href":"https:\/\/www.svzweckel.de\/index.php?rest_route=\/wp\/v2\/types\/post"}],"author":[{"embeddable":true,"href":"https:\/\/www.svzweckel.de\/index.php?rest_route=\/wp\/v2\/users\/3"}],"replies":[{"embeddable":true,"href":"https:\/\/www.svzweckel.de\/index.php?rest_route=%2Fwp%2Fv2%2Fcomments&post=4472"}],"version-history":[{"count":0,"href":"https:\/\/www.svzweckel.de\/index.php?rest_route=\/wp\/v2\/posts\/4472\/revisions"}],"wp:featuredmedia":[{"embeddable":true,"href":"https:\/\/www.svzweckel.de\/index.php?rest_route=\/wp\/v2\/media\/4473"}],"wp:attachment":[{"href":"https:\/\/www.svzweckel.de\/index.php?rest_route=%2Fwp%2Fv2%2Fmedia&parent=4472"}],"wp:term":[{"taxonomy":"category","embeddable":true,"href":"https:\/\/www.svzweckel.de\/index.php?rest_route=%2Fwp%2Fv2%2Fcategories&post=4472"},{"taxonomy":"post_tag","embeddable":true,"href":"https:\/\/www.svzweckel.de\/index.php?rest_route=%2Fwp%2Fv2%2Ftags&post=4472"}],"curies":[{"name":"wp","href":"https:\/\/api.w.org\/{rel}","templated":true}]}}