{"id":4479,"date":"2016-02-19T23:13:18","date_gmt":"2016-02-19T23:13:18","guid":{"rendered":"http:\/\/www.svzweckel.de\/?p=4479"},"modified":"2016-02-19T23:17:30","modified_gmt":"2016-02-19T23:17:30","slug":"der-sv-zweckel-kann-auch-zweimal-hintereinander-gewinnen","status":"publish","type":"post","link":"https:\/\/www.svzweckel.de\/?p=4479","title":{"rendered":"Der SV Zweckel kann auch zweimal hintereinander gewinnen!"},"content":{"rendered":"<p>Am Freitagabend trat der SV Zweckel zum ersten \u201eechten\u201c Heimspiel in der Eikemper-Arena an und konnte nach dem Ausw\u00e4rtssieg in Paderborn sofort nachlegen. Der Oberliga-Nachwuchs des Zweitligisten aus Ostwestfalen fuhr mit dem Bus der \u201eGro\u00dfen\u201c vor und musste erstmals in dieser Saison antreten, weil das Heimspiel am letzten Sonntag gegen den Spitzenreiter aus Sprockh\u00f6vel abgesagt wurde. Die Gastgeber durften bereits zum dritten Mal im neuen Jahr auflaufen und pr\u00e4sentierten sich abermals in hervorragender Verfassung.<br \/>\nIn den ersten 5 \u2013 10 Minuten kamen die G\u00e4ste zwei- oder dreimal gef\u00e4hrlich vor das Zweckeler Tor und der Gastgeber musste sich erst einmal sortieren. Doch mit dem ersten gef\u00e4hrlichen Angriff vor das Bielefelder Tor gingen die Gastgeber in F\u00fchrung. Kapit\u00e4n Norman Seidel war per Kopf erfolgreich und brachte seine Farben in F\u00fchrung. Diese F\u00fchrung brachte Ruhe in das Zweckeler Spiel und der Gastgeber beherrschte das Geschehen auf dem Rasen. Die jungen Bielefelder versuchten immer wieder mit schnellem Spiel in die Spitze die Zweckeler Abwehr unter Druck zu setzen. Doch am heutigen Abend war die Viererkette mit Norman Seidel, Marcel Titz und den Innenverteidigern Dennis Konarski und Christian \u201eKamille\u201c Kaminski nicht zu \u00fcberwinden. Au\u00dferdem funktionierte auch noch die Absicherung durch den guten Keeper Fabian Matschnigg, der Ruhe und \u00dcbersicht ausstrahlte.<br \/>\nNach vorne sorgten die Spitzen Hatim Bentaleb und Jonas Schmidt immer wieder f\u00fcr Entlastung und tauchten einige Male gef\u00e4hrlich vor dem DSC-Tor auf. Wie in Paderborn setzte Trainer G\u00fcnter Appelt im defensiven Mittelfeld auf Enes Aldirmaz und Marvin Schulz, der jedoch in der 17. Minute verletzt ausscheiden musste. Nach einem Zweikampf fiel der Gegenspieler ungl\u00fccklich auf Marvin Schulz, der anschlie\u00dfend mit dem Rettungswagen ins Krankenhaus transportiert werden musste. Erste R\u00fcckmeldungen ergaben, dass keine Verletzungen der Organe oder Knochen vorliegen.<\/p>\n<p><strong>Alles Gute, Marvin!<\/strong><\/p>\n<p>Muhamed Demir, der nach seiner gelb-roten Sperre wieder im Kader stand, kam schneller ins Team als erwartet, da er f\u00fcr Marvin Schulz eingewechselt wurde.<br \/>\nMit der knappen F\u00fchrung wurden die Seiten gewechselt. In der 61. Minute erzielten die Zweckeler durch \u201eKamille\u201c nach einem Standard das vorentscheidende 2:0. Wieder einmal schlug ein Abwehrmann per Kopfball zu.<br \/>\nRamadan Ibrahim und Kevin Klein unterst\u00fctzten hinter den Spitzen die Offensive der Gastgeber und fuhren mit ihren anderen Mannschaftskollegen immer wieder gef\u00e4hrliche Konter. Die Bielefelder versuchten zwar mit aller Macht, die Defensive der Zweckeler zu \u00fcberwinden, blieben bei ihren Bem\u00fchungen aber erfolglos.<br \/>\nAuf der anderen Seite scheiterten die Zweckeler mit ihren Kontern immer wieder nur knapp und vers\u00e4umten es, mit einem dritten Treffer alles klar zu machen. Die Zweckeler haben mit einer starken Mannschaftsleistung den zweiten Sieg in Folge geschafft und mehr als ein Lebenszeichen des Tabellenletzten abgegeben.<\/p>\n<p>Die Aufholjagd geht weiter!<\/p>\n","protected":false},"excerpt":{"rendered":"<p>Am Freitagabend trat der SV Zweckel zum ersten \u201eechten\u201c Heimspiel in der Eikemper-Arena an und konnte nach dem Ausw\u00e4rtssieg in Paderborn sofort nachlegen. Der Oberliga-Nachwuchs des Zweitligisten aus Ostwestfalen fuhr mit dem Bus der \u201eGro\u00dfen\u201c vor und musste erstmals in dieser Saison antreten, weil das Heimspiel am letzten Sonntag gegen den Spitzenreiter aus Sprockh\u00f6vel abgesagt [&hellip;]<\/p>\n","protected":false},"author":3,"featured_media":4481,"comment_status":"open","ping_status":"open","sticky":false,"template":"","format":"standard","meta":{"_jetpack_newsletter_access":"","_jetpack_dont_email_post_to_subs":false,"_jetpack_newsletter_tier_id":0,"_jetpack_memberships_contains_paywalled_content":false,"_jetpack_feature_clip_id":0,"_jetpack_memberships_contains_paid_content":false,"footnotes":"","jetpack_publicize_message":"","jetpack_publicize_feature_enabled":true,"jetpack_social_post_already_shared":false,"jetpack_social_options":{"image_generator_settings":{"template":"highway","default_image_id":0,"font":"","enabled":false},"version":2},"jetpack_post_was_ever_published":false},"categories":[2],"tags":[],"class_list":["post-4479","post","type-post","status-publish","format-standard","has-post-thumbnail","hentry","category-1-mannschaft"],"jetpack_publicize_connections":[],"jetpack_sharing_enabled":true,"jetpack_featured_media_url":"https:\/\/i0.wp.com\/www.svzweckel.de\/wp-content\/uploads\/2016\/02\/IMG-20160219-WA0006.jpeg?fit=1024%2C576&ssl=1","_links":{"self":[{"href":"https:\/\/www.svzweckel.de\/index.php?rest_route=\/wp\/v2\/posts\/4479","targetHints":{"allow":["GET"]}}],"collection":[{"href":"https:\/\/www.svzweckel.de\/index.php?rest_route=\/wp\/v2\/posts"}],"about":[{"href":"https:\/\/www.svzweckel.de\/index.php?rest_route=\/wp\/v2\/types\/post"}],"author":[{"embeddable":true,"href":"https:\/\/www.svzweckel.de\/index.php?rest_route=\/wp\/v2\/users\/3"}],"replies":[{"embeddable":true,"href":"https:\/\/www.svzweckel.de\/index.php?rest_route=%2Fwp%2Fv2%2Fcomments&post=4479"}],"version-history":[{"count":0,"href":"https:\/\/www.svzweckel.de\/index.php?rest_route=\/wp\/v2\/posts\/4479\/revisions"}],"wp:featuredmedia":[{"embeddable":true,"href":"https:\/\/www.svzweckel.de\/index.php?rest_route=\/wp\/v2\/media\/4481"}],"wp:attachment":[{"href":"https:\/\/www.svzweckel.de\/index.php?rest_route=%2Fwp%2Fv2%2Fmedia&parent=4479"}],"wp:term":[{"taxonomy":"category","embeddable":true,"href":"https:\/\/www.svzweckel.de\/index.php?rest_route=%2Fwp%2Fv2%2Fcategories&post=4479"},{"taxonomy":"post_tag","embeddable":true,"href":"https:\/\/www.svzweckel.de\/index.php?rest_route=%2Fwp%2Fv2%2Ftags&post=4479"}],"curies":[{"name":"wp","href":"https:\/\/api.w.org\/{rel}","templated":true}]}}