{"id":4482,"date":"2016-02-21T16:55:30","date_gmt":"2016-02-21T16:55:30","guid":{"rendered":"http:\/\/www.svzweckel.de\/?p=4482"},"modified":"2016-02-21T20:57:00","modified_gmt":"2016-02-21T20:57:00","slug":"c1-hallenstadtmeister-2016-c2-ist-die-grosse-ueberraschung","status":"publish","type":"post","link":"https:\/\/www.svzweckel.de\/?p=4482","title":{"rendered":"C1 Hallenstadtmeister 2016&#8230;. C2 ist die gro\u00dfe \u00dcberraschung!"},"content":{"rendered":"<p>Die Zweckler C1 hat den Titel als Hallenstadtmeister erfolgreich verteidigt und darf den Pokal auch 2016 mit nach Hause nehmen.\u00a0Im Endspiel setzten sich die Zweckler gegen den Schwarz-Blau Gladbeck 1 mit 3:0 durch.<\/p>\n<p>Das Halbfinale brachte die erwartete Spannung. Die Zweckler gewannen das Spiel gegen BV Rentfort m\u00fchsam mit 1:0. Im zweiten Halbfinale ging es leider f\u00fcr unsere C2 nicht gut aus, sie verloren das Spiel gegen Schwarz-Blau, aber zeigten sich als fairer Verlierer und spielten ein starkes Turnier.<\/p>\n<p>Gruppenphase<br \/>\nGleich im ersten Spiel gewann unsere C1 mit 7:0 gegen unserer dritte Mannschaft, das zweite Spiel gegen Schwarz-Blau verlief auch m\u00fchsam und sie kam \u00fcber ein 2:2-Unentschieden nicht hinaus. Im dritten Spiel gegen SG Preu\u00dfen zeigten die Zweckler dann Endlich ihre Favoritenrolle und gewannen mit 6:1.<\/p>\n<p>Die Gruppenphase der SVZ C1<br \/>\nSVZ III &#8211; SVZ I 0:7<br \/>\nSVZ I &#8211; Schwarz-Blau Gladbeck I 2:2<br \/>\nSVZ I &#8211; SG Preu\u00dfen 6:1<\/p>\n<p>Halbfinale<br \/>\nSVZ I &#8211; BV Rentfort 1:0<\/p>\n<p>Endspiel<br \/>\nSVZ I &#8211; Schwarz-Blau Gladbeck I 3:0<\/p>\n","protected":false},"excerpt":{"rendered":"<p>Die Zweckler C1 hat den Titel als Hallenstadtmeister erfolgreich verteidigt und darf den Pokal auch 2016 mit nach Hause nehmen.\u00a0Im Endspiel setzten sich die Zweckler gegen den Schwarz-Blau Gladbeck 1 mit 3:0 durch. Das Halbfinale brachte die erwartete Spannung. Die Zweckler gewannen das Spiel gegen BV Rentfort m\u00fchsam mit 1:0. Im zweiten Halbfinale ging es [&hellip;]<\/p>\n","protected":false},"author":3,"featured_media":4492,"comment_status":"open","ping_status":"open","sticky":false,"template":"","format":"standard","meta":{"_jetpack_newsletter_access":"","_jetpack_dont_email_post_to_subs":false,"_jetpack_newsletter_tier_id":0,"_jetpack_memberships_contains_paywalled_content":false,"_jetpack_feature_clip_id":0,"_jetpack_memberships_contains_paid_content":false,"footnotes":"","jetpack_publicize_message":"","jetpack_publicize_feature_enabled":true,"jetpack_social_post_already_shared":false,"jetpack_social_options":{"image_generator_settings":{"template":"highway","default_image_id":0,"font":"","enabled":false},"version":2},"jetpack_post_was_ever_published":false},"categories":[2],"tags":[],"class_list":["post-4482","post","type-post","status-publish","format-standard","has-post-thumbnail","hentry","category-1-mannschaft"],"jetpack_publicize_connections":[],"jetpack_sharing_enabled":true,"jetpack_featured_media_url":"https:\/\/i0.wp.com\/www.svzweckel.de\/wp-content\/uploads\/2016\/02\/C1-Stadtmeister-2016-1.jpg?fit=939%2C499&ssl=1","_links":{"self":[{"href":"https:\/\/www.svzweckel.de\/index.php?rest_route=\/wp\/v2\/posts\/4482","targetHints":{"allow":["GET"]}}],"collection":[{"href":"https:\/\/www.svzweckel.de\/index.php?rest_route=\/wp\/v2\/posts"}],"about":[{"href":"https:\/\/www.svzweckel.de\/index.php?rest_route=\/wp\/v2\/types\/post"}],"author":[{"embeddable":true,"href":"https:\/\/www.svzweckel.de\/index.php?rest_route=\/wp\/v2\/users\/3"}],"replies":[{"embeddable":true,"href":"https:\/\/www.svzweckel.de\/index.php?rest_route=%2Fwp%2Fv2%2Fcomments&post=4482"}],"version-history":[{"count":0,"href":"https:\/\/www.svzweckel.de\/index.php?rest_route=\/wp\/v2\/posts\/4482\/revisions"}],"wp:featuredmedia":[{"embeddable":true,"href":"https:\/\/www.svzweckel.de\/index.php?rest_route=\/wp\/v2\/media\/4492"}],"wp:attachment":[{"href":"https:\/\/www.svzweckel.de\/index.php?rest_route=%2Fwp%2Fv2%2Fmedia&parent=4482"}],"wp:term":[{"taxonomy":"category","embeddable":true,"href":"https:\/\/www.svzweckel.de\/index.php?rest_route=%2Fwp%2Fv2%2Fcategories&post=4482"},{"taxonomy":"post_tag","embeddable":true,"href":"https:\/\/www.svzweckel.de\/index.php?rest_route=%2Fwp%2Fv2%2Ftags&post=4482"}],"curies":[{"name":"wp","href":"https:\/\/api.w.org\/{rel}","templated":true}]}}