{"id":4487,"date":"2016-02-21T20:32:49","date_gmt":"2016-02-21T20:32:49","guid":{"rendered":"http:\/\/www.svzweckel.de\/?p=4487"},"modified":"2016-02-21T21:01:45","modified_gmt":"2016-02-21T21:01:45","slug":"niederlage-der-reserve-in-erle-waz-vom-21-02-16","status":"publish","type":"post","link":"https:\/\/www.svzweckel.de\/?p=4487","title":{"rendered":"Niederlage der Reserve in Erle (WAZ vom 21.02.16)"},"content":{"rendered":"<p><strong>Eintracht Erle &#8211; SV Zweckel II 4:0 (1:0). <\/strong><\/p>\n<p>Die Reserve des SV Zweckel verlor nach zwei Gegentreffern in der Nachspielzeit deutlich bei Eintracht Erle.<\/p>\n<p>In der ersten H\u00e4lfte war es ein ausgeglichenes Spiel, aber wie so oft lie\u00df die junge Zweckeler Mannschaft beste Torchancen ungenutzt: \u201eErle war einfach abgezockter als wir. Von daher war es eine verdiente Niederlage\u201c, res\u00fcmierte SVZ-Coach Mike Theis.<\/p>\n<p>Durch ein Eigentor von Benjamin Flohr in der 25. Minute gerieten die Gladbecker in R\u00fcckstand. Nach dem Pausentee erh\u00f6hte die Eintracht mit einem direkt verwandelten Freisto\u00dftor auf 2:0. Nachdem die Gladbecker zum Ende des Spiels noch einmal alles probierten, kassierten sie in der Nachspielzeit die Tore zum 0:3 und 0:4. \u201eDas Ergebnis f\u00e4llt sicherlich zwei bis drei Tore zu hoch aus. Bis zum 0:2 hatten wir das Spiel meiner Ansicht nach im Griff\u201c, so Theis abschlie\u00dfend.<\/p>\n<p><strong>SV Zweckel II: <\/strong>Scheuplein, Flohr, Beselvi, Denk, Dreiskemper (46. Rach), Kapusuz, Karaca (69. Capek), Schluck, Yaman (46. Schwanke), Durmaz, Yiyit.<\/p>\n","protected":false},"excerpt":{"rendered":"<p>Eintracht Erle &#8211; SV Zweckel II 4:0 (1:0). Die Reserve des SV Zweckel verlor nach zwei Gegentreffern in der Nachspielzeit deutlich bei Eintracht Erle. In der ersten H\u00e4lfte war es ein ausgeglichenes Spiel, aber wie so oft lie\u00df die junge Zweckeler Mannschaft beste Torchancen ungenutzt: \u201eErle war einfach abgezockter als wir. Von daher war es [&hellip;]<\/p>\n","protected":false},"author":3,"featured_media":4215,"comment_status":"open","ping_status":"open","sticky":false,"template":"","format":"standard","meta":{"_jetpack_newsletter_access":"","_jetpack_dont_email_post_to_subs":false,"_jetpack_newsletter_tier_id":0,"_jetpack_memberships_contains_paywalled_content":false,"_jetpack_feature_clip_id":0,"_jetpack_memberships_contains_paid_content":false,"footnotes":"","jetpack_publicize_message":"","jetpack_publicize_feature_enabled":true,"jetpack_social_post_already_shared":false,"jetpack_social_options":{"image_generator_settings":{"template":"highway","default_image_id":0,"font":"","enabled":false},"version":2},"jetpack_post_was_ever_published":false},"categories":[2],"tags":[],"class_list":["post-4487","post","type-post","status-publish","format-standard","has-post-thumbnail","hentry","category-1-mannschaft"],"jetpack_publicize_connections":[],"jetpack_sharing_enabled":true,"jetpack_featured_media_url":"https:\/\/i0.wp.com\/www.svzweckel.de\/wp-content\/uploads\/2016\/01\/img-20160103-wa0006-e1451937983178.jpg?fit=1200%2C900&ssl=1","_links":{"self":[{"href":"https:\/\/www.svzweckel.de\/index.php?rest_route=\/wp\/v2\/posts\/4487","targetHints":{"allow":["GET"]}}],"collection":[{"href":"https:\/\/www.svzweckel.de\/index.php?rest_route=\/wp\/v2\/posts"}],"about":[{"href":"https:\/\/www.svzweckel.de\/index.php?rest_route=\/wp\/v2\/types\/post"}],"author":[{"embeddable":true,"href":"https:\/\/www.svzweckel.de\/index.php?rest_route=\/wp\/v2\/users\/3"}],"replies":[{"embeddable":true,"href":"https:\/\/www.svzweckel.de\/index.php?rest_route=%2Fwp%2Fv2%2Fcomments&post=4487"}],"version-history":[{"count":0,"href":"https:\/\/www.svzweckel.de\/index.php?rest_route=\/wp\/v2\/posts\/4487\/revisions"}],"wp:featuredmedia":[{"embeddable":true,"href":"https:\/\/www.svzweckel.de\/index.php?rest_route=\/wp\/v2\/media\/4215"}],"wp:attachment":[{"href":"https:\/\/www.svzweckel.de\/index.php?rest_route=%2Fwp%2Fv2%2Fmedia&parent=4487"}],"wp:term":[{"taxonomy":"category","embeddable":true,"href":"https:\/\/www.svzweckel.de\/index.php?rest_route=%2Fwp%2Fv2%2Fcategories&post=4487"},{"taxonomy":"post_tag","embeddable":true,"href":"https:\/\/www.svzweckel.de\/index.php?rest_route=%2Fwp%2Fv2%2Ftags&post=4487"}],"curies":[{"name":"wp","href":"https:\/\/api.w.org\/{rel}","templated":true}]}}