{"id":4494,"date":"2016-02-23T22:12:33","date_gmt":"2016-02-23T22:12:33","guid":{"rendered":"http:\/\/www.svzweckel.de\/?p=4494"},"modified":"2016-02-23T22:16:32","modified_gmt":"2016-02-23T22:16:32","slug":"und-jetzt-zum-asc-dortmund","status":"publish","type":"post","link":"https:\/\/www.svzweckel.de\/?p=4494","title":{"rendered":"Und jetzt zum ASC Dortmund!"},"content":{"rendered":"<p><strong>Sonntag, 28.02.16, 15:00: ASC Dortmund &#8211; SV Zweckel<\/strong><\/p>\n<p>Nach den Siegen in Paderborn und gegen Bielefeld hat der SV Zweckel wieder neue Hoffnung im Abstiegskampf gesch\u00f6pft und muss am Sonntag in Dortmund antreten. Zur Erinnerung: Gegen den ASC Dortmund konnte der SV Zweckel den einzigen Sieg in der Hinrunde einfahren.<br \/>\nIm Winter gingen der SV Zweckel und Keeper Sebastian Tiszai nach der Hinrunde wieder getrennte Wege und laufen sich am kommenden Spieltag beim ASC wieder \u00fcber den Weg. Der knapp zwei Meter lange Torh\u00fcter hat beim ASC angeheuert und beim letzten Spiel der Dortmunder schon das Tor geh\u00fctet.<br \/>\nDer ASC ist erst am letzten Sonntag gegen Paderborn II in die R\u00fcckrunde gestartet und konnte nach einem 0:1 R\u00fcckstand das Spiel noch drehen und knapp mit 2:1 gewinnen. Mit immerhin 27 Punkten rangieren die Dortmunder auf dem 8. Tabellenplatz und haben mit dem Abstieg sicher nichts zu tun. 11 Punkte Vorsprung auf den Tabellensiebzehnten sind schon ein gutes Polster.<br \/>\nDie Schwarz-Gr\u00fcnen werden mit viel Selbstvertrauen in Dortmund auflaufen und werden sich auf keinen Fall verstecken. Trainer G\u00fcnter Appelt und sein Team wollen nicht mit leeren H\u00e4nden zur\u00fcck kommen, denn am 03. und 06. M\u00e4rz folgen bereits die n\u00e4chsten Spiele in der Eikemper-Arena gegen Lippstadt und G\u00fctersloh.<br \/>\nDa der Trainer nur von Spiel zu Spiel schaut, wollen wir uns auch erst mit dem n\u00e4chsten Spiel in Dortmund besch\u00e4ftigen und darauf setzen, dass die Mannschaft wieder diesen unb\u00e4ndigen Siegeswillen zeigt und mit einer k\u00e4mpferischen Leistung der Heimmannschaft das Leben so schwer wie m\u00f6glich macht. Erstmals nach seiner nicht nachvollziehbaren sechsw\u00f6chigen Sperre nach den Hallenstadtmeisterschaften, geh\u00f6rt Serkan K\u00f6se wieder zum Aufgebot.<br \/>\nF\u00fcr viele Zuschauer des letzten Heimspiels gegen Bielefeld war deutlich erkennbar, dass sich auf dem gr\u00fcnen Rasen eine ganz andere Mannschaft pr\u00e4sentiert als das in der Hinrunde der Fall gewesen ist.<\/p>\n<p>Auf geht\u2019s SVZ, bringt etwas Z\u00e4hlbares aus Dortmund mit!<\/p>\n<p>Der Bus f\u00e4hrt \u00fcbrigens um 12:30 Uhr in Zweckel ab.<\/p>\n<p>Adresse und Anfahrt:<br \/>\n<a href=\"http:\/\/www.asc09dortmund.de\/Fussball\/fussball-beim-asc-09\/-\/2067,2067,60002,liste9.html\">ASC Dortmund<\/a>, Waldstadion Aplerbeck, Schwerter Str. 238, 44287 Dortmund<br \/>\nBAB 2 Richtung Hannover, Dortmund-Nordost auf B236 Richtung Schwerte, nach ca. 13 km Ausfahrt Rtg. Herdecke, rechts Berghoferstra\u00dfe, nach 500m rechts Wittbr\u00e4ucker Str., nach 1,2km rechts auf Fuldastr., Stra\u00dfenverlauf ca. 1km folgen (Schwerter Str.), das Stadion befindet sich auf der rechten Seite<\/p>\n","protected":false},"excerpt":{"rendered":"<p>Sonntag, 28.02.16, 15:00: ASC Dortmund &#8211; SV Zweckel Nach den Siegen in Paderborn und gegen Bielefeld hat der SV Zweckel wieder neue Hoffnung im Abstiegskampf gesch\u00f6pft und muss am Sonntag in Dortmund antreten. Zur Erinnerung: Gegen den ASC Dortmund konnte der SV Zweckel den einzigen Sieg in der Hinrunde einfahren. Im Winter gingen der SV [&hellip;]<\/p>\n","protected":false},"author":3,"featured_media":4497,"comment_status":"open","ping_status":"open","sticky":false,"template":"","format":"standard","meta":{"_jetpack_newsletter_access":"","_jetpack_dont_email_post_to_subs":false,"_jetpack_newsletter_tier_id":0,"_jetpack_memberships_contains_paywalled_content":false,"_jetpack_feature_clip_id":0,"_jetpack_memberships_contains_paid_content":false,"footnotes":"","jetpack_publicize_message":"","jetpack_publicize_feature_enabled":true,"jetpack_social_post_already_shared":false,"jetpack_social_options":{"image_generator_settings":{"template":"highway","default_image_id":0,"font":"","enabled":false},"version":2},"jetpack_post_was_ever_published":false},"categories":[2],"tags":[],"class_list":["post-4494","post","type-post","status-publish","format-standard","has-post-thumbnail","hentry","category-1-mannschaft"],"jetpack_publicize_connections":[],"jetpack_sharing_enabled":true,"jetpack_featured_media_url":"https:\/\/i0.wp.com\/www.svzweckel.de\/wp-content\/uploads\/2016\/02\/2016-02-14-17.07.29.jpg?fit=1024%2C576&ssl=1","_links":{"self":[{"href":"https:\/\/www.svzweckel.de\/index.php?rest_route=\/wp\/v2\/posts\/4494","targetHints":{"allow":["GET"]}}],"collection":[{"href":"https:\/\/www.svzweckel.de\/index.php?rest_route=\/wp\/v2\/posts"}],"about":[{"href":"https:\/\/www.svzweckel.de\/index.php?rest_route=\/wp\/v2\/types\/post"}],"author":[{"embeddable":true,"href":"https:\/\/www.svzweckel.de\/index.php?rest_route=\/wp\/v2\/users\/3"}],"replies":[{"embeddable":true,"href":"https:\/\/www.svzweckel.de\/index.php?rest_route=%2Fwp%2Fv2%2Fcomments&post=4494"}],"version-history":[{"count":0,"href":"https:\/\/www.svzweckel.de\/index.php?rest_route=\/wp\/v2\/posts\/4494\/revisions"}],"wp:featuredmedia":[{"embeddable":true,"href":"https:\/\/www.svzweckel.de\/index.php?rest_route=\/wp\/v2\/media\/4497"}],"wp:attachment":[{"href":"https:\/\/www.svzweckel.de\/index.php?rest_route=%2Fwp%2Fv2%2Fmedia&parent=4494"}],"wp:term":[{"taxonomy":"category","embeddable":true,"href":"https:\/\/www.svzweckel.de\/index.php?rest_route=%2Fwp%2Fv2%2Fcategories&post=4494"},{"taxonomy":"post_tag","embeddable":true,"href":"https:\/\/www.svzweckel.de\/index.php?rest_route=%2Fwp%2Fv2%2Ftags&post=4494"}],"curies":[{"name":"wp","href":"https:\/\/api.w.org\/{rel}","templated":true}]}}