{"id":4509,"date":"2016-02-25T21:25:30","date_gmt":"2016-02-25T21:25:30","guid":{"rendered":"http:\/\/www.svzweckel.de\/?p=4509"},"modified":"2016-02-25T21:30:00","modified_gmt":"2016-02-25T21:30:00","slug":"keine-gastgeschenke-fuer-zweckel-reviersport-vom-25-02-16","status":"publish","type":"post","link":"https:\/\/www.svzweckel.de\/?p=4509","title":{"rendered":"Keine Gastgeschenke f\u00fcr Zweckel (Reviersport vom 25.02.16)"},"content":{"rendered":"<p><small>Foto: Makiela <\/small><\/p>\n<div class=\"rs-tiles rs-w3\">\n<div class=\"rs-article-text\">\n<p>ASC 09 und Zweckel \u2013 da war doch mal etwas.<\/p>\n<div class=\"rs-ad rs-rectangle\">\n<div class=\"rs-ad-container\">\n<div id=\"sas_4459\">\n<p id=\"sas_4459_i5045909\">Richtig: Am letzten Spieltag der vergangenen Saison trug die Mannschaft von Daniel Rios mit dem 3:1 gegen Westfalia Herne ma\u00dfgeblich dazu bei, dass sich die Gladbecker am Ende doch noch retten konnten. Zwar ist die Situation aktuell eine andere, denn der SVZ kann am kommenden Wochenende maximal den R\u00fcckstand auf die Nichtabstiegszone verringern, aber der Linienchef der Aplerbecker ist gewarnt. Denn den Gladbeckern ist eigen, dass sie trotz hoffnungsloser Lage die Hoffnung niemals aufgeben.<\/p>\n<\/div>\n<\/div>\n<\/div>\n<div class=\"text\">\n<div id=\"rs-widgets_0\" class=\"rs-widgets rs-bx rs-w3 rs-ww-500\">\n<div class=\"rs-controlgroup-content rs-bx-content rs-no-border\" data-tab-content=\"table\">\n<div data-role=\"tab-content\" data-id=\"total\">\n<table class=\"rs-tbl rs-standings\">\n<thead>\n<tr class=\"rs-Chead\">\n<th class=\"rs-standings-pos\" title=\"Platz\">Pl.<\/th>\n<th class=\"rs-standings-n\">Mannschaft<\/th>\n<th class=\"rs-standings-m\" title=\"Spiele\">Sp<\/th>\n<th class=\"rs-standings-w\" title=\"gewonnen\">g<\/th>\n<th class=\"rs-standings-d\" title=\"untentschieden\">u<\/th>\n<th class=\"rs-standings-l\" title=\"verloren\">v<\/th>\n<th class=\"rs-standings-g\" title=\"Tore\">Tore<\/th>\n<th class=\"rs-standings-gd rs-portrait-none\" title=\"Tordifferenz\">Diff<\/th>\n<th class=\"rs-standings-pts\" title=\"Punkte\">Pkt.<\/th>\n<\/tr>\n<\/thead>\n<tbody>\n<tr class=\"rs-Cnorm\" data-team_id=\"211300391\">\n<td class=\"rs-standings-p rs-pos_col1\">1<\/td>\n<td class=\"rs-standings-n\">TSG Sprockh\u00f6vel<\/td>\n<td class=\"rs-standings-m\">18<\/td>\n<td class=\"rs-standings-w\">11<\/td>\n<td class=\"rs-standings-l\">3<\/td>\n<td class=\"rs-standings-d\">4<\/td>\n<td class=\"rs-standings-g\">40:24<\/td>\n<td class=\"rs-standings-gd rs-portrait-none\">16<\/td>\n<td class=\"rs-standings-pts\">36<\/td>\n<\/tr>\n<tr class=\"rs-Cmite\" data-team_id=\"211900181\">\n<td class=\"rs-standings-p rs-pos_col2\">2<\/td>\n<td class=\"rs-standings-n\">SV Lippstadt 08<\/td>\n<td class=\"rs-standings-m\">17<\/td>\n<td class=\"rs-standings-w\">8<\/td>\n<td class=\"rs-standings-l\">6<\/td>\n<td class=\"rs-standings-d\">3<\/td>\n<td class=\"rs-standings-g\">30:20<\/td>\n<td class=\"rs-standings-gd rs-portrait-none\">10<\/td>\n<td class=\"rs-standings-pts\">30<\/td>\n<\/tr>\n<tr class=\"rs-Cnorm\" data-team_id=\"213000161\">\n<td class=\"rs-standings-p rs-pos_sd\">3<\/td>\n<td class=\"rs-standings-n\">SuS Neuenkirchen<\/td>\n<td class=\"rs-standings-m\">16<\/td>\n<td class=\"rs-standings-w\">8<\/td>\n<td class=\"rs-standings-l\">5<\/td>\n<td class=\"rs-standings-d\">3<\/td>\n<td class=\"rs-standings-g\">39:23<\/td>\n<td class=\"rs-standings-gd rs-portrait-none\">16<\/td>\n<td class=\"rs-standings-pts\">29<\/td>\n<\/tr>\n<tr class=\"rs-Cmite\" data-team_id=\"210400071\">\n<td class=\"rs-standings-p rs-pos_sd\">4<\/td>\n<td class=\"rs-standings-n\">SC Roland Beckum<\/td>\n<td class=\"rs-standings-m\">18<\/td>\n<td class=\"rs-standings-w\">7<\/td>\n<td class=\"rs-standings-l\">7<\/td>\n<td class=\"rs-standings-d\">4<\/td>\n<td class=\"rs-standings-g\">35:27<\/td>\n<td class=\"rs-standings-gd rs-portrait-none\">8<\/td>\n<td class=\"rs-standings-pts\">28<\/td>\n<\/tr>\n<tr class=\"rs-Cnorm\" data-team_id=\"211300091\">\n<td class=\"rs-standings-p rs-pos_sd\">5<\/td>\n<td class=\"rs-standings-n\">TuS Ennepetal<\/td>\n<td class=\"rs-standings-m\">19<\/td>\n<td class=\"rs-standings-w\">7<\/td>\n<td class=\"rs-standings-l\">7<\/td>\n<td class=\"rs-standings-d\">5<\/td>\n<td class=\"rs-standings-g\">39:34<\/td>\n<td class=\"rs-standings-gd rs-portrait-none\">5<\/td>\n<td class=\"rs-standings-pts\">28<\/td>\n<\/tr>\n<tr class=\"rs-Cmite\" data-team_id=\"213000201\">\n<td class=\"rs-standings-p rs-pos_sd\">6<\/td>\n<td class=\"rs-standings-n\">Eintracht Rheine<\/td>\n<td class=\"rs-standings-m\">19<\/td>\n<td class=\"rs-standings-w\">7<\/td>\n<td class=\"rs-standings-l\">7<\/td>\n<td class=\"rs-standings-d\">5<\/td>\n<td class=\"rs-standings-g\">27:30<\/td>\n<td class=\"rs-standings-gd rs-portrait-none\">-3<\/td>\n<td class=\"rs-standings-pts\">28<\/td>\n<\/tr>\n<tr class=\"rs-Cnorm\" data-team_id=\"212700451\">\n<td class=\"rs-standings-p rs-pos_sd\">7<\/td>\n<td class=\"rs-standings-n\">TSV Marl-H\u00fcls<\/td>\n<td class=\"rs-standings-m\">18<\/td>\n<td class=\"rs-standings-w\">8<\/td>\n<td class=\"rs-standings-l\">3<\/td>\n<td class=\"rs-standings-d\">7<\/td>\n<td class=\"rs-standings-g\">34:31<\/td>\n<td class=\"rs-standings-gd rs-portrait-none\">3<\/td>\n<td class=\"rs-standings-pts\">27<\/td>\n<\/tr>\n<tr class=\"rs-Cmite\" data-team_id=\"211100011\">\n<td class=\"rs-standings-p rs-pos_sd\">8<\/td>\n<td class=\"rs-standings-n\">ASC 09 Dortmund<\/td>\n<td class=\"rs-standings-m\">17<\/td>\n<td class=\"rs-standings-w\">9<\/td>\n<td class=\"rs-standings-l\">0<\/td>\n<td class=\"rs-standings-d\">8<\/td>\n<td class=\"rs-standings-g\">35:41<\/td>\n<td class=\"rs-standings-gd rs-portrait-none\">-6<\/td>\n<td class=\"rs-standings-pts\">27<\/td>\n<\/tr>\n<tr class=\"rs-Cnorm\" data-team_id=\"212700131\">\n<td class=\"rs-standings-p rs-pos_sd\">9<\/td>\n<td class=\"rs-standings-n\">SpVgg Erkenschwick<\/td>\n<td class=\"rs-standings-m\">19<\/td>\n<td class=\"rs-standings-w\">7<\/td>\n<td class=\"rs-standings-l\">5<\/td>\n<td class=\"rs-standings-d\">7<\/td>\n<td class=\"rs-standings-g\">31:27<\/td>\n<td class=\"rs-standings-gd rs-portrait-none\">4<\/td>\n<td class=\"rs-standings-pts\">26<\/td>\n<\/tr>\n<tr class=\"rs-Cmite\" data-team_id=\"212800651\">\n<td class=\"rs-standings-p rs-pos_sd\">10<\/td>\n<td class=\"rs-standings-n\">Sportfreunde Siegen<\/td>\n<td class=\"rs-standings-m\">14<\/td>\n<td class=\"rs-standings-w\">6<\/td>\n<td class=\"rs-standings-l\">4<\/td>\n<td class=\"rs-standings-d\">4<\/td>\n<td class=\"rs-standings-g\">21:11<\/td>\n<td class=\"rs-standings-gd rs-portrait-none\">10<\/td>\n<td class=\"rs-standings-pts\">22<\/td>\n<\/tr>\n<tr class=\"rs-Cnorm\" data-team_id=\"213400701\">\n<td class=\"rs-standings-p rs-pos_sd\">11<\/td>\n<td class=\"rs-standings-n\">FC G\u00fctersloh 2000<\/td>\n<td class=\"rs-standings-m\">17<\/td>\n<td class=\"rs-standings-w\">6<\/td>\n<td class=\"rs-standings-l\">4<\/td>\n<td class=\"rs-standings-d\">7<\/td>\n<td class=\"rs-standings-g\">24:26<\/td>\n<td class=\"rs-standings-gd rs-portrait-none\">-2<\/td>\n<td class=\"rs-standings-pts\">22<\/td>\n<\/tr>\n<tr class=\"rs-Cmite\" data-team_id=\"210500022\">\n<td class=\"rs-standings-p rs-pos_sd\">12<\/td>\n<td class=\"rs-standings-n\">Arminia Bielefeld II<\/td>\n<td class=\"rs-standings-m\">18<\/td>\n<td class=\"rs-standings-w\">6<\/td>\n<td class=\"rs-standings-l\">3<\/td>\n<td class=\"rs-standings-d\">9<\/td>\n<td class=\"rs-standings-g\">32:31<\/td>\n<td class=\"rs-standings-gd rs-portrait-none\">1<\/td>\n<td class=\"rs-standings-pts\">21<\/td>\n<\/tr>\n<tr class=\"rs-Cnorm\" data-team_id=\"213200521\">\n<td class=\"rs-standings-p rs-pos_sd\">13<\/td>\n<td class=\"rs-standings-n\">Westfalia Rhynern<\/td>\n<td class=\"rs-standings-m\">16<\/td>\n<td class=\"rs-standings-w\">6<\/td>\n<td class=\"rs-standings-l\">3<\/td>\n<td class=\"rs-standings-d\">7<\/td>\n<td class=\"rs-standings-g\">30:31<\/td>\n<td class=\"rs-standings-gd rs-portrait-none\">-1<\/td>\n<td class=\"rs-standings-pts\">21<\/td>\n<\/tr>\n<tr class=\"rs-Cmite\" data-team_id=\"213200181\">\n<td class=\"rs-standings-p rs-pos_sd\">14<\/td>\n<td class=\"rs-standings-n\">Hammer SpVg<\/td>\n<td class=\"rs-standings-m\">18<\/td>\n<td class=\"rs-standings-w\">5<\/td>\n<td class=\"rs-standings-l\">5<\/td>\n<td class=\"rs-standings-d\">8<\/td>\n<td class=\"rs-standings-g\">23:32<\/td>\n<td class=\"rs-standings-gd rs-portrait-none\">-9<\/td>\n<td class=\"rs-standings-pts\">20<\/td>\n<\/tr>\n<tr class=\"rs-Cnorm\" data-team_id=\"212700621\">\n<td class=\"rs-standings-p rs-pos_sd\">15<\/td>\n<td class=\"rs-standings-n\">SV Schermbeck<\/td>\n<td class=\"rs-standings-m\">17<\/td>\n<td class=\"rs-standings-w\">4<\/td>\n<td class=\"rs-standings-l\">7<\/td>\n<td class=\"rs-standings-d\">6<\/td>\n<td class=\"rs-standings-g\">28:33<\/td>\n<td class=\"rs-standings-gd rs-portrait-none\">-5<\/td>\n<td class=\"rs-standings-pts\">19<\/td>\n<\/tr>\n<tr class=\"rs-Cmite\" data-team_id=\"212600172\">\n<td class=\"rs-standings-p rs-pos_sd\">16<\/td>\n<td class=\"rs-standings-n\">SC Paderborn 07 II<\/td>\n<td class=\"rs-standings-m\">19<\/td>\n<td class=\"rs-standings-w\">4<\/td>\n<td class=\"rs-standings-l\">6<\/td>\n<td class=\"rs-standings-d\">9<\/td>\n<td class=\"rs-standings-g\">27:37<\/td>\n<td class=\"rs-standings-gd rs-portrait-none\">-10<\/td>\n<td class=\"rs-standings-pts\">18<\/td>\n<\/tr>\n<tr class=\"rs-Cnorm\" data-team_id=\"210100401\">\n<td class=\"rs-standings-p rs-pos_col7\">17<\/td>\n<td class=\"rs-standings-n\">SuS Stadtlohn<\/td>\n<td class=\"rs-standings-m\">18<\/td>\n<td class=\"rs-standings-w\">4<\/td>\n<td class=\"rs-standings-l\">5<\/td>\n<td class=\"rs-standings-d\">9<\/td>\n<td class=\"rs-standings-g\">25:36<\/td>\n<td class=\"rs-standings-gd rs-portrait-none\">-11<\/td>\n<td class=\"rs-standings-pts\">17<\/td>\n<\/tr>\n<tr class=\"rs-Cmite\" data-team_id=\"211200441\">\n<td class=\"rs-standings-p rs-pos_col7\">18<\/td>\n<td class=\"rs-standings-n\">SV Zweckel<\/td>\n<td class=\"rs-standings-m\">18<\/td>\n<td class=\"rs-standings-w\">3<\/td>\n<td class=\"rs-standings-l\">4<\/td>\n<td class=\"rs-standings-d\">11<\/td>\n<td class=\"rs-standings-g\">20:46<\/td>\n<td class=\"rs-standings-gd rs-portrait-none\">-26<\/td>\n<td class=\"rs-standings-pts\">13<\/td>\n<\/tr>\n<\/tbody>\n<\/table>\n<div class=\"rs-bx-footer\"><\/div>\n<\/div>\n<\/div>\n<\/div>\n<p>\u201eWir sollten nicht darauf gucken, dass Zweckel Letzter ist, sondern vielmehr darauf achten, was sich da gerade entwickelt\u201c, gibt Rios vor. Die Erinnerung an das Hinspiel, das die Mannschaft von G\u00fcnter Appelt mit 4:1 gewann, gibt gen\u00fcgend Anlass zur vollen Konzentration.<br \/>\nEs war das erste Aufeinandertreffen beider Vereine, seit sich das Schlusslicht noch am letzten Spieltag der roten Laterne entledigt hatte. Auf die Gastgeschenke warteten die 09er an der Dorstener Stra\u00dfe jedoch vergeblich. \u201eDie Verantwortlichen haben sich daf\u00fcr bedankt, dass wir uns am letzten Spieltag nicht haben h\u00e4ngen lassen\u201c, erinnert sich Rios. Das war dann aber genug der H\u00f6flichkeiten.<br \/>\nUnd nun empf\u00e4ngt der ASC den erneut abstiegsbedrohten SVZ zum Heimspiel. \u201eZweckel hat die letzten beiden Spiele gewonnen und in diesem Jahr schon drei absolviert\u201c, gibt Rios zu bedenken. Nicht zur Verf\u00fcgung stehen werden Patrick Dedner (Kreuzbandriss), Pascal Beilfu\u00df (H\u00fcft-OP), Simon Rudnik (Entz\u00fcndung am Kn\u00f6chel), Tim Schwarz (Aufbautraining nach Bandscheibenvorfall) und Pascal Thomas (Probleme nach Schlag auf den Oberschenkel).<br \/>\nAus dem Hinspiel hat seine Mannschaft ohnehin noch etwas gut zu machen. Wenngleich der Deal aus Zweckeler Sicht nicht vereinbar w\u00e4re: Gastgeschenke gibt es im Dortmunder Waldstadion ganz bestimmt nicht zu holen. Das hat der ASC zum Ende der letzten Saison bereits bewiesen.<\/p>\n<\/div>\n<\/div>\n<\/div>\n","protected":false},"excerpt":{"rendered":"<p>Foto: Makiela ASC 09 und Zweckel \u2013 da war doch mal etwas. Richtig: Am letzten Spieltag der vergangenen Saison trug die Mannschaft von Daniel Rios mit dem 3:1 gegen Westfalia Herne ma\u00dfgeblich dazu bei, dass sich die Gladbecker am Ende doch noch retten konnten. Zwar ist die Situation aktuell eine andere, denn der SVZ kann [&hellip;]<\/p>\n","protected":false},"author":3,"featured_media":4510,"comment_status":"open","ping_status":"open","sticky":false,"template":"","format":"standard","meta":{"_jetpack_newsletter_access":"","_jetpack_dont_email_post_to_subs":false,"_jetpack_newsletter_tier_id":0,"_jetpack_memberships_contains_paywalled_content":false,"_jetpack_feature_clip_id":0,"_jetpack_memberships_contains_paid_content":false,"footnotes":"","jetpack_publicize_message":"","jetpack_publicize_feature_enabled":true,"jetpack_social_post_already_shared":false,"jetpack_social_options":{"image_generator_settings":{"template":"highway","default_image_id":0,"font":"","enabled":false},"version":2},"jetpack_post_was_ever_published":false},"categories":[2],"tags":[],"class_list":["post-4509","post","type-post","status-publish","format-standard","has-post-thumbnail","hentry","category-1-mannschaft"],"jetpack_publicize_connections":[],"jetpack_sharing_enabled":true,"jetpack_featured_media_url":"https:\/\/i0.wp.com\/www.svzweckel.de\/wp-content\/uploads\/2016\/02\/693.jpeg?fit=573%2C384&ssl=1","_links":{"self":[{"href":"https:\/\/www.svzweckel.de\/index.php?rest_route=\/wp\/v2\/posts\/4509","targetHints":{"allow":["GET"]}}],"collection":[{"href":"https:\/\/www.svzweckel.de\/index.php?rest_route=\/wp\/v2\/posts"}],"about":[{"href":"https:\/\/www.svzweckel.de\/index.php?rest_route=\/wp\/v2\/types\/post"}],"author":[{"embeddable":true,"href":"https:\/\/www.svzweckel.de\/index.php?rest_route=\/wp\/v2\/users\/3"}],"replies":[{"embeddable":true,"href":"https:\/\/www.svzweckel.de\/index.php?rest_route=%2Fwp%2Fv2%2Fcomments&post=4509"}],"version-history":[{"count":0,"href":"https:\/\/www.svzweckel.de\/index.php?rest_route=\/wp\/v2\/posts\/4509\/revisions"}],"wp:featuredmedia":[{"embeddable":true,"href":"https:\/\/www.svzweckel.de\/index.php?rest_route=\/wp\/v2\/media\/4510"}],"wp:attachment":[{"href":"https:\/\/www.svzweckel.de\/index.php?rest_route=%2Fwp%2Fv2%2Fmedia&parent=4509"}],"wp:term":[{"taxonomy":"category","embeddable":true,"href":"https:\/\/www.svzweckel.de\/index.php?rest_route=%2Fwp%2Fv2%2Fcategories&post=4509"},{"taxonomy":"post_tag","embeddable":true,"href":"https:\/\/www.svzweckel.de\/index.php?rest_route=%2Fwp%2Fv2%2Ftags&post=4509"}],"curies":[{"name":"wp","href":"https:\/\/api.w.org\/{rel}","templated":true}]}}