{"id":4662,"date":"2016-03-24T07:23:34","date_gmt":"2016-03-24T07:23:34","guid":{"rendered":"http:\/\/www.svzweckel.de\/?p=4662"},"modified":"2016-03-24T16:12:48","modified_gmt":"2016-03-24T16:12:48","slug":"fussball-erlebnis-tage-fuer-f-und-e-jugend","status":"publish","type":"post","link":"https:\/\/www.svzweckel.de\/?p=4662","title":{"rendered":"Fu\u00dfball Erlebnis Tage f\u00fcr F- und E-Jugend&#8230;"},"content":{"rendered":"<p>Am Dienstag 29.03. und Mittwoch 30.03. findet eine Fu\u00dfball Erlebnis Aktivit\u00e4t unter der Leitung von Willy Kaspers statt. Die Kosten betragen 8 Euro f\u00fcr beide Tage.<\/p>\n<p>Programm<br \/>\nTrainingseinheiten und Mini-Europameisterschaft.<br \/>\nDie Einheiten beginnen an beiden Tagen um 10:30 Uhr und enden um 14:30 Uhr. In der Zeit zwischen 12.00 und 12:45 Uhr gibt es einen Lunch, der im Preis inbegriffen ist.<\/p>\n<p>Anmeldungen sollen nur durch die Trainer aller F- und E-Jugendmannschaften erfolgen.<\/p>\n<p>Info<br \/>\nWilly Kaspers<br \/>\n01575 9222086<\/p>\n","protected":false},"excerpt":{"rendered":"<p>Am Dienstag 29.03. und Mittwoch 30.03. findet eine Fu\u00dfball Erlebnis Aktivit\u00e4t unter der Leitung von Willy Kaspers statt. Die Kosten betragen 8 Euro f\u00fcr beide Tage. Programm Trainingseinheiten und Mini-Europameisterschaft. Die Einheiten beginnen an beiden Tagen um 10:30 Uhr und enden um 14:30 Uhr. In der Zeit zwischen 12.00 und 12:45 Uhr gibt es einen [&hellip;]<\/p>\n","protected":false},"author":3,"featured_media":4696,"comment_status":"open","ping_status":"open","sticky":false,"template":"","format":"standard","meta":{"_jetpack_memberships_contains_paid_content":false,"footnotes":"","jetpack_publicize_message":"","jetpack_publicize_feature_enabled":true,"jetpack_social_post_already_shared":false,"jetpack_social_options":{"image_generator_settings":{"template":"highway","default_image_id":0,"font":"","enabled":false},"version":2}},"categories":[30],"tags":[],"class_list":["post-4662","post","type-post","status-publish","format-standard","has-post-thumbnail","hentry","category-e-junioren"],"jetpack_publicize_connections":[],"jetpack_featured_media_url":"https:\/\/i0.wp.com\/www.svzweckel.de\/wp-content\/uploads\/2016\/03\/FET.jpg?fit=697%2C283&ssl=1","jetpack_sharing_enabled":true,"_links":{"self":[{"href":"https:\/\/www.svzweckel.de\/index.php?rest_route=\/wp\/v2\/posts\/4662","targetHints":{"allow":["GET"]}}],"collection":[{"href":"https:\/\/www.svzweckel.de\/index.php?rest_route=\/wp\/v2\/posts"}],"about":[{"href":"https:\/\/www.svzweckel.de\/index.php?rest_route=\/wp\/v2\/types\/post"}],"author":[{"embeddable":true,"href":"https:\/\/www.svzweckel.de\/index.php?rest_route=\/wp\/v2\/users\/3"}],"replies":[{"embeddable":true,"href":"https:\/\/www.svzweckel.de\/index.php?rest_route=%2Fwp%2Fv2%2Fcomments&post=4662"}],"version-history":[{"count":0,"href":"https:\/\/www.svzweckel.de\/index.php?rest_route=\/wp\/v2\/posts\/4662\/revisions"}],"wp:featuredmedia":[{"embeddable":true,"href":"https:\/\/www.svzweckel.de\/index.php?rest_route=\/wp\/v2\/media\/4696"}],"wp:attachment":[{"href":"https:\/\/www.svzweckel.de\/index.php?rest_route=%2Fwp%2Fv2%2Fmedia&parent=4662"}],"wp:term":[{"taxonomy":"category","embeddable":true,"href":"https:\/\/www.svzweckel.de\/index.php?rest_route=%2Fwp%2Fv2%2Fcategories&post=4662"},{"taxonomy":"post_tag","embeddable":true,"href":"https:\/\/www.svzweckel.de\/index.php?rest_route=%2Fwp%2Fv2%2Ftags&post=4662"}],"curies":[{"name":"wp","href":"https:\/\/api.w.org\/{rel}","templated":true}]}}