{"id":4755,"date":"2016-04-02T22:20:23","date_gmt":"2016-04-02T22:20:23","guid":{"rendered":"http:\/\/www.svzweckel.de\/?p=4755"},"modified":"2016-04-02T22:20:23","modified_gmt":"2016-04-02T22:20:23","slug":"zweckel-ii-mit-personalsorgen-waz-vom-02-04-2016","status":"publish","type":"post","link":"https:\/\/www.svzweckel.de\/?p=4755","title":{"rendered":"Zweckel II mit Personalsorgen (WAZ vom 02.04.2016)"},"content":{"rendered":"<div><strong>Sonntag, 03.04.16, 15:00 Uhr: SV Zweckel II \u2013 SC Schaffrath<\/strong><\/div>\n<div><\/div>\n<div>\n<p>Die Zweitvertretung des SV Zweckel hat einen Abstiegskandidaten zu Gast im \u201eK\u00e4fig\u201c an der Dorstener Stra\u00dfe. Und die ohnehin schon schwierige Personalsituation bei den auf Rang sieben notierten Gastgebern wird beim Spiel gegen den SC Schaffrath durch zwei weitere verletzte Akteure noch erschwert. Denn Ziya Beselvi und Rejhan Dana haben aus der j\u00fcngsten Partie bei der SpVgg Middelich-Resse (2:2) Verletzungen davongetragen und drohen l\u00e4nger auszufallen.<\/p>\n<p>Ungeachtet dessen gehen die Gladbecker als Favorit in die Partie gegen den Drittletzten. SVZ-Trainer Mike Theis macht sich jedoch nichts vor: \u201eWir stehen im Mittelfeld der Tabelle, bei uns geht weder nach oben noch nach unten etwas. Da fehlen vielleicht manchmal ein paar Prozent.\u201c Schaffrath dagegen stehe mit dem R\u00fccken zur Wand und werde nicht 100, sondern 120 Prozent geben, so Theis weiter.<\/p>\n<p>Die Gr\u00fcnhemden wollen aber, nachdem sie zuletzt zweimal in Folge sieglos (2:2 gegen die SpVgg Middelich-Resse, 1:7 gegen YEG Hassel II) blieben, wieder gewinnen. Mit einem Sieg gegen den SC Schaffrath w\u00fcrde der SVZ zudem den Adlern aus Ellinghorst Sch\u00fctzenhilfe leisten. Ansto\u00df: So., 15 Uhr, Dorstener Stra\u00dfe.<\/p>\n<\/div>\n","protected":false},"excerpt":{"rendered":"<p>Sonntag, 03.04.16, 15:00 Uhr: SV Zweckel II \u2013 SC Schaffrath Die Zweitvertretung des SV Zweckel hat einen Abstiegskandidaten zu Gast im \u201eK\u00e4fig\u201c an der Dorstener Stra\u00dfe. Und die ohnehin schon schwierige Personalsituation bei den auf Rang sieben notierten Gastgebern wird beim Spiel gegen den SC Schaffrath durch zwei weitere verletzte Akteure noch erschwert. Denn Ziya [&hellip;]<\/p>\n","protected":false},"author":3,"featured_media":4505,"comment_status":"open","ping_status":"open","sticky":false,"template":"","format":"standard","meta":{"_jetpack_memberships_contains_paid_content":false,"footnotes":"","jetpack_publicize_message":"","jetpack_publicize_feature_enabled":true,"jetpack_social_post_already_shared":false,"jetpack_social_options":{"image_generator_settings":{"template":"highway","default_image_id":0,"font":"","enabled":false},"version":2}},"categories":[20],"tags":[],"class_list":["post-4755","post","type-post","status-publish","format-standard","has-post-thumbnail","hentry","category-2-mannschaft"],"jetpack_publicize_connections":[],"jetpack_featured_media_url":"https:\/\/i0.wp.com\/www.svzweckel.de\/wp-content\/uploads\/2016\/02\/2016-02-14-11.12.43.jpg?fit=1024%2C576&ssl=1","jetpack_sharing_enabled":true,"_links":{"self":[{"href":"https:\/\/www.svzweckel.de\/index.php?rest_route=\/wp\/v2\/posts\/4755","targetHints":{"allow":["GET"]}}],"collection":[{"href":"https:\/\/www.svzweckel.de\/index.php?rest_route=\/wp\/v2\/posts"}],"about":[{"href":"https:\/\/www.svzweckel.de\/index.php?rest_route=\/wp\/v2\/types\/post"}],"author":[{"embeddable":true,"href":"https:\/\/www.svzweckel.de\/index.php?rest_route=\/wp\/v2\/users\/3"}],"replies":[{"embeddable":true,"href":"https:\/\/www.svzweckel.de\/index.php?rest_route=%2Fwp%2Fv2%2Fcomments&post=4755"}],"version-history":[{"count":0,"href":"https:\/\/www.svzweckel.de\/index.php?rest_route=\/wp\/v2\/posts\/4755\/revisions"}],"wp:featuredmedia":[{"embeddable":true,"href":"https:\/\/www.svzweckel.de\/index.php?rest_route=\/wp\/v2\/media\/4505"}],"wp:attachment":[{"href":"https:\/\/www.svzweckel.de\/index.php?rest_route=%2Fwp%2Fv2%2Fmedia&parent=4755"}],"wp:term":[{"taxonomy":"category","embeddable":true,"href":"https:\/\/www.svzweckel.de\/index.php?rest_route=%2Fwp%2Fv2%2Fcategories&post=4755"},{"taxonomy":"post_tag","embeddable":true,"href":"https:\/\/www.svzweckel.de\/index.php?rest_route=%2Fwp%2Fv2%2Ftags&post=4755"}],"curies":[{"name":"wp","href":"https:\/\/api.w.org\/{rel}","templated":true}]}}