{"id":4990,"date":"2016-05-16T20:43:42","date_gmt":"2016-05-16T20:43:42","guid":{"rendered":"http:\/\/www.svzweckel.de\/?p=4990"},"modified":"2016-05-16T20:45:49","modified_gmt":"2016-05-16T20:45:49","slug":"verdiente-niederlage-in-neuenkirchen","status":"publish","type":"post","link":"https:\/\/www.svzweckel.de\/?p=4990","title":{"rendered":"Verdiente Niederlage in Neuenkirchen"},"content":{"rendered":"<p><strong>SuS Neuenkirchen &#8211; SV Zweckel 4:1 (1:0)<\/strong><\/p>\n<p>In der Halbzeitpause war das Spiel noch nicht entschieden, so dass das o. a. Schaubild der Mannschaft von G\u00fcnter Appelt noch einmal die Strategie f\u00fcr die zweite Halbzeit verdeutlichen sollte.<\/p>\n<p>Leider konnte das Team die Vorgaben nicht umsetzen, so dass auch der Auftritt in Neuenkirchen in die Hose ging. Am Anfang legten die Gastgeber los wie die Feuerwehr und \u00fcbertrafen sich viermal im Auslassen allerbester Torchancen. Auf der anderen Seite hatten aber auch die Zweckeler zwei Gelegenheiten. Hatim Bentaleb setzte sich auf der rechten Seite durch, sein Abschluss trudelte jedoch am Tor vorbei. Enes Aldirmaz kam nach einem Standard aus 6 m Entfernung zum gegnerischen Tor frei zum Kopfball, konnte jedoch auch nicht treffen. In der 33. Minute setzten sich der SuS nach einem Diagonalpass auf der rechten Seite durch, ein Zweckeler Innenverteidiger r\u00fcckte raus, konnte die Flanke jedoch nicht verhindern. Der Abschluss per Kopf war nur noch Formsache.<\/p>\n<p>Nach der Halbzeitpause wollten die Zweckeler noch einmal alles versuchen, fingen sich aber in der 50. Minute das vorentscheidende 2:0, welches fast eine Kopie des ersten Tores war. In der Folge erh\u00f6hten der SuS vor gut 300 Zuschauern auf 3:0. Kapit\u00e4n Norman Seidel war wie immer ein Vorbild auf dem Platz und machte es den St\u00fcrmern vor, als er nach bei einem seiner Vorst\u00f6\u00dfe die gesamte Abwehr \u00fcberlief und anschlie\u00dfend auch noch den gegnerischen Torwart zum Ehrentreffer in der 73. Minute \u00fcberwinden konnte. Hoffnung auf eine \u00e4hnliche Durckphase wie im Hinspiel auf dem Preu\u00dfen-Platz keimte trotzdem nicht auf. Ganz im Gegenteil: Enes Aldirmaz holte einen St\u00fcrmer unsanft von den Beinen und der Schiedsrichter entschied auf Notbremse und pr\u00e4sentierte ihm die rote Karte.<br \/>\nDanach erh\u00f6hten die Gastgeber auf 4:1 und wie schon im letzten Jahr fand die Pressekonferenz (siehe Foto unten) auf dem Rasen in Neuenkirchen statt. G\u00fcnter Appelt gestand die verdiente Niederlage ein und erkannte nochmals an, dass es beim SV Zweckel an Oberligaqualit\u00e4t mangele.<\/p>\n<p><a href=\"https:\/\/i0.wp.com\/www.svzweckel.de\/wp-content\/uploads\/2016\/05\/2016-05-16-16.56.55.jpg?ssl=1\"><img data-recalc-dims=\"1\" loading=\"lazy\" decoding=\"async\" class=\"aligncenter size-large wp-image-4994\" src=\"https:\/\/i0.wp.com\/www.svzweckel.de\/wp-content\/uploads\/2016\/05\/2016-05-16-16.56.55.jpg?resize=640%2C360&#038;ssl=1\" alt=\"2016-05-16 16.56.55\" width=\"640\" height=\"360\" srcset=\"https:\/\/i0.wp.com\/www.svzweckel.de\/wp-content\/uploads\/2016\/05\/2016-05-16-16.56.55.jpg?w=1024&amp;ssl=1 1024w, https:\/\/i0.wp.com\/www.svzweckel.de\/wp-content\/uploads\/2016\/05\/2016-05-16-16.56.55.jpg?resize=300%2C169&amp;ssl=1 300w, https:\/\/i0.wp.com\/www.svzweckel.de\/wp-content\/uploads\/2016\/05\/2016-05-16-16.56.55.jpg?resize=768%2C432&amp;ssl=1 768w, https:\/\/i0.wp.com\/www.svzweckel.de\/wp-content\/uploads\/2016\/05\/2016-05-16-16.56.55.jpg?resize=640%2C360&amp;ssl=1 640w, https:\/\/i0.wp.com\/www.svzweckel.de\/wp-content\/uploads\/2016\/05\/2016-05-16-16.56.55.jpg?resize=150%2C84&amp;ssl=1 150w, https:\/\/i0.wp.com\/www.svzweckel.de\/wp-content\/uploads\/2016\/05\/2016-05-16-16.56.55.jpg?resize=100%2C56&amp;ssl=1 100w, https:\/\/i0.wp.com\/www.svzweckel.de\/wp-content\/uploads\/2016\/05\/2016-05-16-16.56.55.jpg?resize=50%2C28&amp;ssl=1 50w, https:\/\/i0.wp.com\/www.svzweckel.de\/wp-content\/uploads\/2016\/05\/2016-05-16-16.56.55.jpg?resize=25%2C14&amp;ssl=1 25w, https:\/\/i0.wp.com\/www.svzweckel.de\/wp-content\/uploads\/2016\/05\/2016-05-16-16.56.55.jpg?resize=569%2C320&amp;ssl=1 569w, https:\/\/i0.wp.com\/www.svzweckel.de\/wp-content\/uploads\/2016\/05\/2016-05-16-16.56.55.jpg?resize=160%2C90&amp;ssl=1 160w\" sizes=\"auto, (max-width: 640px) 100vw, 640px\" \/><\/a><\/p>\n","protected":false},"excerpt":{"rendered":"<p>SuS Neuenkirchen &#8211; SV Zweckel 4:1 (1:0) In der Halbzeitpause war das Spiel noch nicht entschieden, so dass das o. a. Schaubild der Mannschaft von G\u00fcnter Appelt noch einmal die Strategie f\u00fcr die zweite Halbzeit verdeutlichen sollte. Leider konnte das Team die Vorgaben nicht umsetzen, so dass auch der Auftritt in Neuenkirchen in die Hose [&hellip;]<\/p>\n","protected":false},"author":3,"featured_media":4991,"comment_status":"open","ping_status":"open","sticky":false,"template":"","format":"standard","meta":{"_jetpack_memberships_contains_paid_content":false,"footnotes":"","jetpack_publicize_message":"","jetpack_publicize_feature_enabled":true,"jetpack_social_post_already_shared":false,"jetpack_social_options":{"image_generator_settings":{"template":"highway","default_image_id":0,"font":"","enabled":false},"version":2}},"categories":[2],"tags":[],"class_list":["post-4990","post","type-post","status-publish","format-standard","has-post-thumbnail","hentry","category-1-mannschaft"],"jetpack_publicize_connections":[],"jetpack_featured_media_url":"https:\/\/i0.wp.com\/www.svzweckel.de\/wp-content\/uploads\/2016\/05\/20160516_155913.jpg?fit=2048%2C1152&ssl=1","jetpack_sharing_enabled":true,"_links":{"self":[{"href":"https:\/\/www.svzweckel.de\/index.php?rest_route=\/wp\/v2\/posts\/4990","targetHints":{"allow":["GET"]}}],"collection":[{"href":"https:\/\/www.svzweckel.de\/index.php?rest_route=\/wp\/v2\/posts"}],"about":[{"href":"https:\/\/www.svzweckel.de\/index.php?rest_route=\/wp\/v2\/types\/post"}],"author":[{"embeddable":true,"href":"https:\/\/www.svzweckel.de\/index.php?rest_route=\/wp\/v2\/users\/3"}],"replies":[{"embeddable":true,"href":"https:\/\/www.svzweckel.de\/index.php?rest_route=%2Fwp%2Fv2%2Fcomments&post=4990"}],"version-history":[{"count":0,"href":"https:\/\/www.svzweckel.de\/index.php?rest_route=\/wp\/v2\/posts\/4990\/revisions"}],"wp:featuredmedia":[{"embeddable":true,"href":"https:\/\/www.svzweckel.de\/index.php?rest_route=\/wp\/v2\/media\/4991"}],"wp:attachment":[{"href":"https:\/\/www.svzweckel.de\/index.php?rest_route=%2Fwp%2Fv2%2Fmedia&parent=4990"}],"wp:term":[{"taxonomy":"category","embeddable":true,"href":"https:\/\/www.svzweckel.de\/index.php?rest_route=%2Fwp%2Fv2%2Fcategories&post=4990"},{"taxonomy":"post_tag","embeddable":true,"href":"https:\/\/www.svzweckel.de\/index.php?rest_route=%2Fwp%2Fv2%2Ftags&post=4990"}],"curies":[{"name":"wp","href":"https:\/\/api.w.org\/{rel}","templated":true}]}}