{"id":5060,"date":"2016-05-24T13:01:18","date_gmt":"2016-05-24T13:01:18","guid":{"rendered":"http:\/\/www.svzweckel.de\/?p=5060"},"modified":"2016-05-25T13:23:29","modified_gmt":"2016-05-25T13:23:29","slug":"1-fronleichnam-cup-des-sv-zweckel","status":"publish","type":"post","link":"https:\/\/www.svzweckel.de\/?p=5060","title":{"rendered":"1. Fronleichnam-Cup des SV Zweckel"},"content":{"rendered":"<p>Am Donnerstag, den 26.05.2016, l\u00e4dt der SV Zweckel erstmals zum Fronleichnam-Cup f\u00fcr G und F-Junioren ein. \u00dcber 40 G-und F- Jugendteams machen sich auf den Weg zur Dorstener Stra\u00dfe, um dem runden Leder hinterher zu jagen.<\/p>\n<p>Beginn ist um 9 Uhr f\u00fcr die G-Jugendteams, die Altjahrg\u00e4nge (2009), wie auch die Jungjahrg\u00e4nge (2010). Beide spielen parallel in jeweils 2 unterschiedlichen Gruppen pro Jahrgang.<\/p>\n<p>Die F-Junioren starten ab 13 Uhr,  ebenfalls parallel spielen dort Alt- wie auch Jungjahrg\u00e4nge getrennt in zwei Gruppen pro Altersklasse (2007 und 2008).<\/p>\n<p>F\u00fcr das leibliche Wohl ist bestens gesorgt, daf\u00fcr kennt man unser Team vom Vereinsheim.<\/p>\n<p>Des Weiteren k\u00f6nnen alle fu\u00dfballbegeisterten Menschen, die an diesem Tage den Weg zur Dorstener Stra\u00dfe finden, an einer Tombola teilnehmen und attraktive Preise gewinnen. Beispielweise stehen ein EM-Ball, ein Deutschland-Trikot von der jetzt anstehenden EM oder auch ein Tablet zur Verlosung !<\/p>\n<p>Eine kurze Information ist noch hinzuzuf\u00fcgen, die Parkm\u00f6glichkeiten an der Dorstener Stra\u00dfe d\u00fcrften bei so einer Anzahl an jungen Kickern schnell ersch\u00f6pft sein, daher ist der Zweckler Marktplatz als zus\u00e4tzliche Parkm\u00f6glichkeit eine gute Option.<\/p>\n<p>Wir hoffen auf einen tollen Turniertag, viele Tore , tolle Stimmung und vor allem einen fairen Verlauf.<\/p>\n<p>In diesem Sinne, bis Donnerstag !<\/p>\n<p>Der Jugendvorstand<\/p>\n","protected":false},"excerpt":{"rendered":"<p>Am Donnerstag, den 26.05.2016, l\u00e4dt der SV Zweckel erstmals zum Fronleichnam-Cup f\u00fcr G und F-Junioren ein. \u00dcber 40 G-und F- Jugendteams machen sich auf den Weg zur Dorstener Stra\u00dfe, um dem runden Leder hinterher zu jagen. Beginn ist um 9 Uhr f\u00fcr die G-Jugendteams, die Altjahrg\u00e4nge (2009), wie auch die Jungjahrg\u00e4nge (2010). Beide spielen parallel [&hellip;]<\/p>\n","protected":false},"author":3,"featured_media":5063,"comment_status":"open","ping_status":"open","sticky":false,"template":"","format":"standard","meta":{"_jetpack_memberships_contains_paid_content":false,"footnotes":"","jetpack_publicize_message":"","jetpack_publicize_feature_enabled":true,"jetpack_social_post_already_shared":false,"jetpack_social_options":{"image_generator_settings":{"template":"highway","default_image_id":0,"font":"","enabled":false},"version":2}},"categories":[3,10],"tags":[],"class_list":["post-5060","post","type-post","status-publish","format-standard","has-post-thumbnail","hentry","category-allgemein","category-nachwuchs"],"jetpack_publicize_connections":[],"jetpack_featured_media_url":"https:\/\/i0.wp.com\/www.svzweckel.de\/wp-content\/uploads\/2016\/05\/img_6489.jpg?fit=633%2C706&ssl=1","jetpack_sharing_enabled":true,"_links":{"self":[{"href":"https:\/\/www.svzweckel.de\/index.php?rest_route=\/wp\/v2\/posts\/5060","targetHints":{"allow":["GET"]}}],"collection":[{"href":"https:\/\/www.svzweckel.de\/index.php?rest_route=\/wp\/v2\/posts"}],"about":[{"href":"https:\/\/www.svzweckel.de\/index.php?rest_route=\/wp\/v2\/types\/post"}],"author":[{"embeddable":true,"href":"https:\/\/www.svzweckel.de\/index.php?rest_route=\/wp\/v2\/users\/3"}],"replies":[{"embeddable":true,"href":"https:\/\/www.svzweckel.de\/index.php?rest_route=%2Fwp%2Fv2%2Fcomments&post=5060"}],"version-history":[{"count":0,"href":"https:\/\/www.svzweckel.de\/index.php?rest_route=\/wp\/v2\/posts\/5060\/revisions"}],"wp:featuredmedia":[{"embeddable":true,"href":"https:\/\/www.svzweckel.de\/index.php?rest_route=\/wp\/v2\/media\/5063"}],"wp:attachment":[{"href":"https:\/\/www.svzweckel.de\/index.php?rest_route=%2Fwp%2Fv2%2Fmedia&parent=5060"}],"wp:term":[{"taxonomy":"category","embeddable":true,"href":"https:\/\/www.svzweckel.de\/index.php?rest_route=%2Fwp%2Fv2%2Fcategories&post=5060"},{"taxonomy":"post_tag","embeddable":true,"href":"https:\/\/www.svzweckel.de\/index.php?rest_route=%2Fwp%2Fv2%2Ftags&post=5060"}],"curies":[{"name":"wp","href":"https:\/\/api.w.org\/{rel}","templated":true}]}}