{"id":5297,"date":"2016-06-23T20:07:15","date_gmt":"2016-06-23T20:07:15","guid":{"rendered":"http:\/\/www.svzweckel.de\/?p=5297"},"modified":"2016-06-23T20:17:43","modified_gmt":"2016-06-23T20:17:43","slug":"sichtungstraining-fuer-d-und-a-jugend-beim-sv-zweckel","status":"publish","type":"post","link":"https:\/\/www.svzweckel.de\/?p=5297","title":{"rendered":"Sichtungstraining f\u00fcr D- und A-Junioren beim SV Zweckel"},"content":{"rendered":"<p>Auch in diesem Jahr f\u00fchrt die Nachwuchsabteilung des Westfalenligisten wieder ein Sichtungstraining durch.<\/p>\n<p>In den letzten Jahren \u00a0konnten sich Jugendliche immer wieder pr\u00e4sentieren und beim SV Zweckel weiterentwickeln. Gesichtet werden Spieler der Jahrg\u00e4nge 2004 und 2005 f\u00fcr unsere spielstarken U12 und U13.<br \/>\nDes Weiteren werden ebenfalls Spieler der Jahrg\u00e4nge 1998 und 1999 f\u00fcr unsere U 19 gesucht.<\/p>\n<p>Wir bieten Dir:<br \/>\n&#8211;\u00a0\u00a0\u00a0\u00a0\u00a0\u00a0\u00a0\u00a0\u00a0\u00a0\u00a0\u00a0\u00a0 lizensierte Trainer<br \/>\n&#8211;\u00a0\u00a0\u00a0\u00a0\u00a0\u00a0\u00a0\u00a0\u00a0\u00a0\u00a0\u00a0\u00a0 individuelle F\u00f6rderm\u00f6glichkeiten<br \/>\n&#8211;\u00a0\u00a0\u00a0\u00a0\u00a0\u00a0\u00a0\u00a0\u00a0\u00a0\u00a0\u00a0\u00a0 anspruchsvolle und interessante Trainingseinheiten<br \/>\n&#8211;\u00a0\u00a0\u00a0\u00a0\u00a0\u00a0\u00a0\u00a0\u00a0\u00a0\u00a0\u00a0\u00a0 umfangreiches Trainings- und Spielangebot<\/p>\n<p>Unser Ziel ist es, Talente zu f\u00f6rdern und zu fordern.<\/p>\n<p>An folgenden Terminen kannst Du teilnehmen:<\/p>\n<p>&#8211; U12\/U13 am Dienstag, den 05.07.2016<\/p>\n<p>18:00 bis 19:30 Uhr unter der Leitung vom sportlichen Leiter der \u00a0Jugend<\/p>\n<p>Willy Kaspers (A- Lizenz)<\/p>\n<p>&#8211; \u00a0U19 am Mittwoch, den 06.07.2016 von 18:00 bis 19:30 Uhr unter der Leitung von<\/p>\n<p>Jugendleiter Mike Theis ( B- Lizenz )<\/p>\n<p>F\u00fcr die Teilnahme am Sichtungstraining des SV Zweckel ist eine Einverst\u00e4ndniserkl\u00e4rung des aktuellen Vereins eine zwingende Voraussetzung.<\/p>\n<p><strong>Wir freuen uns auf Deinen Besuch<\/strong>!<\/p>\n","protected":false},"excerpt":{"rendered":"<p>Auch in diesem Jahr f\u00fchrt die Nachwuchsabteilung des Westfalenligisten wieder ein Sichtungstraining durch. In den letzten Jahren \u00a0konnten sich Jugendliche immer wieder pr\u00e4sentieren und beim SV Zweckel weiterentwickeln. Gesichtet werden Spieler der Jahrg\u00e4nge 2004 und 2005 f\u00fcr unsere spielstarken U12 und U13. Des Weiteren werden ebenfalls Spieler der Jahrg\u00e4nge 1998 und 1999 f\u00fcr unsere U [&hellip;]<\/p>\n","protected":false},"author":3,"featured_media":5299,"comment_status":"open","ping_status":"open","sticky":false,"template":"","format":"standard","meta":{"_jetpack_memberships_contains_paid_content":false,"footnotes":"","jetpack_publicize_message":"","jetpack_publicize_feature_enabled":true,"jetpack_social_post_already_shared":false,"jetpack_social_options":{"image_generator_settings":{"template":"highway","default_image_id":0,"font":"","enabled":false},"version":2}},"categories":[10],"tags":[],"class_list":["post-5297","post","type-post","status-publish","format-standard","has-post-thumbnail","hentry","category-nachwuchs"],"jetpack_publicize_connections":[],"jetpack_featured_media_url":"https:\/\/i0.wp.com\/www.svzweckel.de\/wp-content\/uploads\/2016\/06\/12-Oster-Fu%C3%9Fballcamp-360.jpg?fit=1024%2C768&ssl=1","jetpack_sharing_enabled":true,"_links":{"self":[{"href":"https:\/\/www.svzweckel.de\/index.php?rest_route=\/wp\/v2\/posts\/5297","targetHints":{"allow":["GET"]}}],"collection":[{"href":"https:\/\/www.svzweckel.de\/index.php?rest_route=\/wp\/v2\/posts"}],"about":[{"href":"https:\/\/www.svzweckel.de\/index.php?rest_route=\/wp\/v2\/types\/post"}],"author":[{"embeddable":true,"href":"https:\/\/www.svzweckel.de\/index.php?rest_route=\/wp\/v2\/users\/3"}],"replies":[{"embeddable":true,"href":"https:\/\/www.svzweckel.de\/index.php?rest_route=%2Fwp%2Fv2%2Fcomments&post=5297"}],"version-history":[{"count":0,"href":"https:\/\/www.svzweckel.de\/index.php?rest_route=\/wp\/v2\/posts\/5297\/revisions"}],"wp:featuredmedia":[{"embeddable":true,"href":"https:\/\/www.svzweckel.de\/index.php?rest_route=\/wp\/v2\/media\/5299"}],"wp:attachment":[{"href":"https:\/\/www.svzweckel.de\/index.php?rest_route=%2Fwp%2Fv2%2Fmedia&parent=5297"}],"wp:term":[{"taxonomy":"category","embeddable":true,"href":"https:\/\/www.svzweckel.de\/index.php?rest_route=%2Fwp%2Fv2%2Fcategories&post=5297"},{"taxonomy":"post_tag","embeddable":true,"href":"https:\/\/www.svzweckel.de\/index.php?rest_route=%2Fwp%2Fv2%2Ftags&post=5297"}],"curies":[{"name":"wp","href":"https:\/\/api.w.org\/{rel}","templated":true}]}}