{"id":5398,"date":"2016-07-04T17:23:19","date_gmt":"2016-07-04T17:23:19","guid":{"rendered":"http:\/\/www.svzweckel.de\/?p=5398"},"modified":"2016-07-04T17:32:39","modified_gmt":"2016-07-04T17:32:39","slug":"stadtmeisterschaften-der-reserve-am-23-und-24-07","status":"publish","type":"post","link":"https:\/\/www.svzweckel.de\/?p=5398","title":{"rendered":"Stadtmeisterschaften der Reserve am 23. und 24.07."},"content":{"rendered":"<p>Die Fachschaft Fu\u00dfball hat den teilnehmenden Vereinen die Spielpl\u00e4ne f\u00fcr die Stadtmeisterschaften zugestellt, welche am 23.07. und 24.07.2016 auf dem Rasenplatz an der Ro\u00dfheidestrasse stattfinden. Der Stadtmeister der Reservemannschaften nimmt auch an den FSM der Erstmannschaften teil, welche eine Woche sp\u00e4ter am 30.07. und 31.07.2016 auf der Platzanlage von BV Rentfort an der Hegestra\u00dfe statt.<\/p>\n<p>Die jeweiligen Spielzeiten sowie die Ansto\u00dfzeiten sind in den Spielpl\u00e4nen genau fixiert. Die Durchf\u00fchrungsbestimmungen werden in den n\u00e4chsten Tagen folgen. Wesentliche \u00c4nderungen zu den letzten Jahren wird es hier nicht geben.<\/p>\n<p>[gview file=&#8220;https:\/\/www.svzweckel.de\/wp-content\/uploads\/2016\/07\/Reserveteams.pdf&#8220;]<\/p>\n","protected":false},"excerpt":{"rendered":"<p>Die Fachschaft Fu\u00dfball hat den teilnehmenden Vereinen die Spielpl\u00e4ne f\u00fcr die Stadtmeisterschaften zugestellt, welche am 23.07. und 24.07.2016 auf dem Rasenplatz an der Ro\u00dfheidestrasse stattfinden. Der Stadtmeister der Reservemannschaften nimmt auch an den FSM der Erstmannschaften teil, welche eine Woche sp\u00e4ter am 30.07. und 31.07.2016 auf der Platzanlage von BV Rentfort an der Hegestra\u00dfe statt. [&hellip;]<\/p>\n","protected":false},"author":3,"featured_media":5401,"comment_status":"open","ping_status":"open","sticky":false,"template":"","format":"standard","meta":{"_jetpack_memberships_contains_paid_content":false,"footnotes":"","jetpack_publicize_message":"","jetpack_publicize_feature_enabled":true,"jetpack_social_post_already_shared":false,"jetpack_social_options":{"image_generator_settings":{"template":"highway","default_image_id":0,"font":"","enabled":false},"version":2}},"categories":[20,18],"tags":[],"class_list":["post-5398","post","type-post","status-publish","format-standard","has-post-thumbnail","hentry","category-2-mannschaft","category-senioren"],"jetpack_publicize_connections":[],"jetpack_featured_media_url":"https:\/\/i0.wp.com\/www.svzweckel.de\/wp-content\/uploads\/2016\/07\/P8097755.jpg?fit=1024%2C768&ssl=1","jetpack_sharing_enabled":true,"_links":{"self":[{"href":"https:\/\/www.svzweckel.de\/index.php?rest_route=\/wp\/v2\/posts\/5398","targetHints":{"allow":["GET"]}}],"collection":[{"href":"https:\/\/www.svzweckel.de\/index.php?rest_route=\/wp\/v2\/posts"}],"about":[{"href":"https:\/\/www.svzweckel.de\/index.php?rest_route=\/wp\/v2\/types\/post"}],"author":[{"embeddable":true,"href":"https:\/\/www.svzweckel.de\/index.php?rest_route=\/wp\/v2\/users\/3"}],"replies":[{"embeddable":true,"href":"https:\/\/www.svzweckel.de\/index.php?rest_route=%2Fwp%2Fv2%2Fcomments&post=5398"}],"version-history":[{"count":0,"href":"https:\/\/www.svzweckel.de\/index.php?rest_route=\/wp\/v2\/posts\/5398\/revisions"}],"wp:featuredmedia":[{"embeddable":true,"href":"https:\/\/www.svzweckel.de\/index.php?rest_route=\/wp\/v2\/media\/5401"}],"wp:attachment":[{"href":"https:\/\/www.svzweckel.de\/index.php?rest_route=%2Fwp%2Fv2%2Fmedia&parent=5398"}],"wp:term":[{"taxonomy":"category","embeddable":true,"href":"https:\/\/www.svzweckel.de\/index.php?rest_route=%2Fwp%2Fv2%2Fcategories&post=5398"},{"taxonomy":"post_tag","embeddable":true,"href":"https:\/\/www.svzweckel.de\/index.php?rest_route=%2Fwp%2Fv2%2Ftags&post=5398"}],"curies":[{"name":"wp","href":"https:\/\/api.w.org\/{rel}","templated":true}]}}