{"id":5573,"date":"2016-07-17T21:58:30","date_gmt":"2016-07-17T21:58:30","guid":{"rendered":"http:\/\/www.svzweckel.de\/?p=5573"},"modified":"2016-07-17T21:58:30","modified_gmt":"2016-07-17T21:58:30","slug":"zweite-eroeffnet-mit-einem-unentschieden","status":"publish","type":"post","link":"https:\/\/www.svzweckel.de\/?p=5573","title":{"rendered":"Zweite er\u00f6ffnet mit einem Unentschieden"},"content":{"rendered":"<p><strong>FC Horst 59 &#8211; SV Zweckel 1:1 (1:0)<\/strong><\/p>\n<p>Bereits nach 45 Minuten gingen die Horster nach einem Torwartfehler mit 1:0 in F\u00fchrung und hatten den Gast bis zur 35. Minute voll im Griff. Danach l\u00f6sten sich die G\u00e4ste aus der Umklammerung und konnten erstmalig vielversprechende Angriffe fahren.<br \/>\nEs dauerte jedoch bis zur 80. Minute, als Mike Jungnickel seinen Farben den verdienten Ausgleich brachte. Auf Trainer Gordon Briese kommt in den n\u00e4chsten Wochen noch eine Menge Arbeit bis zum Saisonbeginn zu.<\/p>\n<p>&nbsp;<\/p>\n","protected":false},"excerpt":{"rendered":"<p>FC Horst 59 &#8211; SV Zweckel 1:1 (1:0) Bereits nach 45 Minuten gingen die Horster nach einem Torwartfehler mit 1:0 in F\u00fchrung und hatten den Gast bis zur 35. Minute voll im Griff. Danach l\u00f6sten sich die G\u00e4ste aus der Umklammerung und konnten erstmalig vielversprechende Angriffe fahren. Es dauerte jedoch bis zur 80. Minute, als [&hellip;]<\/p>\n","protected":false},"author":3,"featured_media":5577,"comment_status":"open","ping_status":"open","sticky":false,"template":"","format":"standard","meta":{"_jetpack_memberships_contains_paid_content":false,"footnotes":"","jetpack_publicize_message":"","jetpack_publicize_feature_enabled":true,"jetpack_social_post_already_shared":false,"jetpack_social_options":{"image_generator_settings":{"template":"highway","default_image_id":0,"font":"","enabled":false},"version":2}},"categories":[20],"tags":[],"class_list":["post-5573","post","type-post","status-publish","format-standard","has-post-thumbnail","hentry","category-2-mannschaft"],"jetpack_publicize_connections":[],"jetpack_featured_media_url":"https:\/\/i0.wp.com\/www.svzweckel.de\/wp-content\/uploads\/2016\/07\/Horst59.jpg?fit=896%2C597&ssl=1","jetpack_sharing_enabled":true,"_links":{"self":[{"href":"https:\/\/www.svzweckel.de\/index.php?rest_route=\/wp\/v2\/posts\/5573","targetHints":{"allow":["GET"]}}],"collection":[{"href":"https:\/\/www.svzweckel.de\/index.php?rest_route=\/wp\/v2\/posts"}],"about":[{"href":"https:\/\/www.svzweckel.de\/index.php?rest_route=\/wp\/v2\/types\/post"}],"author":[{"embeddable":true,"href":"https:\/\/www.svzweckel.de\/index.php?rest_route=\/wp\/v2\/users\/3"}],"replies":[{"embeddable":true,"href":"https:\/\/www.svzweckel.de\/index.php?rest_route=%2Fwp%2Fv2%2Fcomments&post=5573"}],"version-history":[{"count":0,"href":"https:\/\/www.svzweckel.de\/index.php?rest_route=\/wp\/v2\/posts\/5573\/revisions"}],"wp:featuredmedia":[{"embeddable":true,"href":"https:\/\/www.svzweckel.de\/index.php?rest_route=\/wp\/v2\/media\/5577"}],"wp:attachment":[{"href":"https:\/\/www.svzweckel.de\/index.php?rest_route=%2Fwp%2Fv2%2Fmedia&parent=5573"}],"wp:term":[{"taxonomy":"category","embeddable":true,"href":"https:\/\/www.svzweckel.de\/index.php?rest_route=%2Fwp%2Fv2%2Fcategories&post=5573"},{"taxonomy":"post_tag","embeddable":true,"href":"https:\/\/www.svzweckel.de\/index.php?rest_route=%2Fwp%2Fv2%2Ftags&post=5573"}],"curies":[{"name":"wp","href":"https:\/\/api.w.org\/{rel}","templated":true}]}}