{"id":5590,"date":"2016-07-22T21:28:20","date_gmt":"2016-07-22T21:28:20","guid":{"rendered":"http:\/\/www.svzweckel.de\/?p=5590"},"modified":"2016-07-22T21:28:20","modified_gmt":"2016-07-22T21:28:20","slug":"beim-sv-zweckel-ii-ist-der-neuaufbau-geglueckt-waz-vom-20-07-2016","status":"publish","type":"post","link":"https:\/\/www.svzweckel.de\/?p=5590","title":{"rendered":"Beim SV Zweckel II ist der Neuaufbau gegl\u00fcckt (WAZ vom 20.07.2016)"},"content":{"rendered":"<div>\n<p>In einem Jahr des Umbruchs hat sich die \u201eZwote\u201c des SV Zweckel immer zwischen Platz f\u00fcnf und neun bewegt. In der R\u00fcckrunde kam es zu einem Spannungsabfall.<\/p>\n<p>Wie so oft sprach man bei der Zweitvertretung des SV Zweckel vor der Saison von einem klassischen Umbruch. Viele neue Spieler stie\u00dfen zum Team an der Dorstener Stra\u00dfe. Coach Mike Theis betonte auch deshalb immer wieder, dass sein Team Zeit ben\u00f6tigt und die Ergebnisse nicht immer im Vordergrund stehen. Besonders weil es sehr jung ist, stand die Entwicklung der einzelnen Spieler an erster Stelle. Jetzt sagt er: \u201eDer Neuaufbau ist gegl\u00fcckt. Jetzt muss der Weg weitergef\u00fchrt werden.\u201d Dies wird in Zukunft unter der Leitung von Gordon Briese geschehen. Er \u00fcbernimmt das Traineramt von Theis, der sich wieder auf die Arbeit mit der A-Jugend konzentriert. Briese hatte zuvor die B2 trainiert.<\/p>\n<p>Die Gladbecker beendeten die Saison souver\u00e4n auf dem neunten Tabellenrang. Etappenziel war zun\u00e4chst, nichts mit dem Abstieg zutun zu haben. Das zeichnete sich bereits nach dem guten Start ab. Die Zweckeler fanden sich tabellarisch stets zwischen Platz f\u00fcnf und neun wieder. \u201eManchmal hat auch das Qu\u00e4ntchen Gl\u00fcck gefehlt. Insgesamt kann man aber zufrieden sein\u201d, sagt Theis, der darauf hinweist, dass er und sein Team nur eine deutliche Pleite hinnehmen musste.<\/p>\n<p>Vor keinem Spieltag wusste man genau, zu was die Gr\u00fcnhemden in der Lage sein w\u00fcrden. In manchen Partien trotzten sie dem Favoriten, in anderen haperte es an einigen Stellen. Errungen die Schwarz-Gr\u00fcnen beim Meister BV Rentfort noch ein 2:2-Remis, kamen die Gladbecker beim Kellerkind SC Schaffrath nicht \u00fcber ein maues 1:1 hinaus. Besonders die Chancenverwertung prangerte der \u00dcbunsgleiter immer wieder als ein gravierendes Problem an.<br \/>\nSchw\u00e4chere R\u00fcckrunde<\/p>\n<p>Warum die R\u00fcckrunde etwas schw\u00e4cher war als die Hinserie, liege, so Theis, auf der Hand. Alle Beteiligten merkten, dass weder nach oben noch nach unten in der Tabelle etwas geht. \u201eDa haben bei einigen ein paar Prozent gefehlt. Auch die schlechte Wintervorbereitung trug dazu bei. Ich kann die Jungs verstehen, dass sie nicht sechs Wochen laufen wollen, bis der K\u00e4fig wieder etwas \u201cbespielbar\u201d ist\u201d, sagt er. So rutschten die Gladbecker noch zwei R\u00e4nge in der Tabelle ab.<\/p>\n<p>Auffallend bei den Ergebnissen der Zweckeler ist, dass es stets \u201cknappe Dinger\u201d waren wie Theis vor den Partien oft prophezeihte. \u201cAn einem guten Tag k\u00f6nnen wir jeden schlagen\u201d, pflegte er stets zu sagen. Eine gro\u00dfe Diffenrenz tut sich im Vergleich der Ausw\u00e4rts- und Heimpartien auf. W\u00e4hrend die Gladbecker zuhause nur unteres Mittelfeld darstellen, spielen sie ausw\u00e4rts um die oberen Pl\u00e4tze mit. \u201eDie Mannschaft war sehr spielstark. Da kamen uns gro\u00dfe Pl\u00e4tze nat\u00fcrlich mehr entgegen als unser K\u00e4fig\u201d, blickte Theis zur\u00fcck.<\/p>\n<p>Unter Neu-Coach Briese soll also jetzt an dieser Arbeit angesetzt werden. \u201eEs ist sch\u00f6n, dass der Gro\u00dfteil des Kaders zusammenbleibt\u201d, wirft der Ex-Trainer einen Blick voraus. W\u00e4hrend vier Mann zu F.S.M. Gladbeck wechseln, verst\u00e4rken sich die Gladbecker mit Henrico Van der Velden und Mike Jungnickel, die von Hansa Scholven zum SVZ zur\u00fcckkehren. Dazu kommen Marvin B\u00f6ck bom VfB Kirchhellen und Silvio aus Rhenania Bottrop. \u201eDer Kader steht\u201d, so Theis. Es ist also alles angerichtet f\u00fcr eine ruhige souver\u00e4ne Spielzeit.<\/p>\n<\/div>\n","protected":false},"excerpt":{"rendered":"<p>In einem Jahr des Umbruchs hat sich die \u201eZwote\u201c des SV Zweckel immer zwischen Platz f\u00fcnf und neun bewegt. In der R\u00fcckrunde kam es zu einem Spannungsabfall. Wie so oft sprach man bei der Zweitvertretung des SV Zweckel vor der Saison von einem klassischen Umbruch. Viele neue Spieler stie\u00dfen zum Team an der Dorstener Stra\u00dfe. [&hellip;]<\/p>\n","protected":false},"author":3,"featured_media":5591,"comment_status":"open","ping_status":"open","sticky":false,"template":"","format":"standard","meta":{"_jetpack_memberships_contains_paid_content":false,"footnotes":"","jetpack_publicize_message":"","jetpack_publicize_feature_enabled":true,"jetpack_social_post_already_shared":false,"jetpack_social_options":{"image_generator_settings":{"template":"highway","default_image_id":0,"font":"","enabled":false},"version":2}},"categories":[20],"tags":[],"class_list":["post-5590","post","type-post","status-publish","format-standard","has-post-thumbnail","hentry","category-2-mannschaft"],"jetpack_publicize_connections":[],"jetpack_featured_media_url":"https:\/\/i0.wp.com\/www.svzweckel.de\/wp-content\/uploads\/2016\/07\/Fussball-Kreisliga-A1-BV-Rentfort-0.jpg?fit=616%2C225&ssl=1","jetpack_sharing_enabled":true,"_links":{"self":[{"href":"https:\/\/www.svzweckel.de\/index.php?rest_route=\/wp\/v2\/posts\/5590","targetHints":{"allow":["GET"]}}],"collection":[{"href":"https:\/\/www.svzweckel.de\/index.php?rest_route=\/wp\/v2\/posts"}],"about":[{"href":"https:\/\/www.svzweckel.de\/index.php?rest_route=\/wp\/v2\/types\/post"}],"author":[{"embeddable":true,"href":"https:\/\/www.svzweckel.de\/index.php?rest_route=\/wp\/v2\/users\/3"}],"replies":[{"embeddable":true,"href":"https:\/\/www.svzweckel.de\/index.php?rest_route=%2Fwp%2Fv2%2Fcomments&post=5590"}],"version-history":[{"count":0,"href":"https:\/\/www.svzweckel.de\/index.php?rest_route=\/wp\/v2\/posts\/5590\/revisions"}],"wp:featuredmedia":[{"embeddable":true,"href":"https:\/\/www.svzweckel.de\/index.php?rest_route=\/wp\/v2\/media\/5591"}],"wp:attachment":[{"href":"https:\/\/www.svzweckel.de\/index.php?rest_route=%2Fwp%2Fv2%2Fmedia&parent=5590"}],"wp:term":[{"taxonomy":"category","embeddable":true,"href":"https:\/\/www.svzweckel.de\/index.php?rest_route=%2Fwp%2Fv2%2Fcategories&post=5590"},{"taxonomy":"post_tag","embeddable":true,"href":"https:\/\/www.svzweckel.de\/index.php?rest_route=%2Fwp%2Fv2%2Ftags&post=5590"}],"curies":[{"name":"wp","href":"https:\/\/api.w.org\/{rel}","templated":true}]}}